{"id":14962,"date":"2018-02-14T13:21:11","date_gmt":"2018-02-14T13:21:11","guid":{"rendered":"https:\/\/goiasemtempo.com.br\/home\/?p=14962"},"modified":"2018-02-14T13:21:11","modified_gmt":"2018-02-14T13:21:11","slug":"roberto-naves-comunica-data-para-nova-captacao-de-agua-em-anapolis","status":"publish","type":"post","link":"https:\/\/goiasemtempo.com.br\/home\/roberto-naves-comunica-data-para-nova-captacao-de-agua-em-anapolis\/","title":{"rendered":"Roberto Naves comunica data para nova capta\u00e7\u00e3o de \u00e1gua em An\u00e1polis"},"content":{"rendered":"<p>O prefeito de An\u00e1polis, Roberto Naves , informou que dia 19, segunda-feira da pr\u00f3xima semana, ser\u00e1 inaugurada a estrutura constru\u00edda \u00e0s margens da BR-414 para capta\u00e7\u00e3o de \u00e1gua no Ribeir\u00e3o Capivari. Roberto Naves calcula que o refor\u00e7o dessa forte alternativa \u00e9 suficiente para estabilizar o abastecimento de \u00e1gua em An\u00e1polis pelos pr\u00f3ximos anos. Paralelamente est\u00e1 em an\u00e1lise uma forma de contrato de programa entre o munic\u00edpio e a SANEAGO que dar\u00e1 um novo modelo de gest\u00e3o ao saneamento b\u00e1sico de An\u00e1polis. Pelo que est\u00e1 em discuss\u00e3o, caber\u00e1 \u00e0 prefeitura administrar os recursos financeiros e definir as prioridades de investimento para universalizar o abastecimento de \u00e1gua e a capta\u00e7\u00e3o de esgoto em An\u00e1polis. Esse modelo permitir\u00e1 a municipaliza\u00e7\u00e3o dos servi\u00e7os, de forma consensual, e com o apoio de setores organizados da sociedade que se reuniram e apoiaram o projeto que \u00e9 defendido pelo prefeito Roberto Naves.<\/p>\n","protected":false},"excerpt":{"rendered":"<p>O prefeito de An\u00e1polis, Roberto Naves , informou que dia 19, segunda-feira da pr\u00f3xima semana, ser\u00e1 inaugurada a estrutura constru\u00edda \u00e0s margens da BR-414 para capta\u00e7\u00e3o de \u00e1gua no Ribeir\u00e3o Capivari. Roberto Naves calcula que o refor\u00e7o dessa forte alternativa \u00e9 suficiente para estabilizar o abastecimento de \u00e1gua em An\u00e1polis pelos pr\u00f3ximos anos. Paralelamente est\u00e1 &hellip;<\/p>\n","protected":false},"author":3,"featured_media":14964,"comment_status":"open","ping_status":"open","sticky":false,"template":"","format":"standard","meta":{"footnotes":""},"categories":[4],"tags":[],"class_list":["post-14962","post","type-post","status-publish","format-standard","has-post-thumbnail","hentry","category-ultimas-noticias"],"_links":{"self":[{"href":"https:\/\/goiasemtempo.com.br\/home\/wp-json\/wp\/v2\/posts\/14962","targetHints":{"allow":["GET"]}}],"collection":[{"href":"https:\/\/goiasemtempo.com.br\/home\/wp-json\/wp\/v2\/posts"}],"about":[{"href":"https:\/\/goiasemtempo.com.br\/home\/wp-json\/wp\/v2\/types\/post"}],"author":[{"embeddable":true,"href":"https:\/\/goiasemtempo.com.br\/home\/wp-json\/wp\/v2\/users\/3"}],"replies":[{"embeddable":true,"href":"https:\/\/goiasemtempo.com.br\/home\/wp-json\/wp\/v2\/comments?post=14962"}],"version-history":[{"count":1,"href":"https:\/\/goiasemtempo.com.br\/home\/wp-json\/wp\/v2\/posts\/14962\/revisions"}],"predecessor-version":[{"id":14965,"href":"https:\/\/goiasemtempo.com.br\/home\/wp-json\/wp\/v2\/posts\/14962\/revisions\/14965"}],"wp:featuredmedia":[{"embeddable":true,"href":"https:\/\/goiasemtempo.com.br\/home\/wp-json\/wp\/v2\/media\/14964"}],"wp:attachment":[{"href":"https:\/\/goiasemtempo.com.br\/home\/wp-json\/wp\/v2\/media?parent=14962"}],"wp:term":[{"taxonomy":"category","embeddable":true,"href":"https:\/\/goiasemtempo.com.br\/home\/wp-json\/wp\/v2\/categories?post=14962"},{"taxonomy":"post_tag","embeddable":true,"href":"https:\/\/goiasemtempo.com.br\/home\/wp-json\/wp\/v2\/tags?post=14962"}],"curies":[{"name":"wp","href":"https:\/\/api.w.org\/{rel}","templated":true}]}}