{"id":14474,"date":"2018-02-07T11:53:49","date_gmt":"2018-02-07T11:53:49","guid":{"rendered":"https:\/\/goiasemtempo.com.br\/home\/?p=14474"},"modified":"2018-02-07T11:53:49","modified_gmt":"2018-02-07T11:53:49","slug":"governo-de-goias-inaugura-presidio-de-formosa-nesta-sexta-feira","status":"publish","type":"post","link":"https:\/\/goiasemtempo.com.br\/home\/governo-de-goias-inaugura-presidio-de-formosa-nesta-sexta-feira\/","title":{"rendered":"Governo de Goi\u00e1s inaugura pres\u00eddio de Formosa nesta sexta-feira"},"content":{"rendered":"<div class=\"my-3 col-12\">\n<div class=\"col px-md-4 px-lg-5 content-wrapper\">\n<div class=\"content mb-0-last\">\n<p>O Governo de Goi\u00e1s, por meio da Agetop, entrega nesta sexta-feira (9\/2), o pres\u00eddio de Formosa, com capacidade para 300 vagas.<\/p>\n<p>O complexo tem seis mil metros quadrados de \u00e1rea edificada, com oito blocos com alojamentos, celas, p\u00e1tio, refeit\u00f3rio, estacionamento e corpo administrativo, al\u00e9m de galp\u00f5es e guaritas de seguran\u00e7a.<\/p>\n<p>Foram investidos R$ 18.600.000,00 na obra.<\/p>\n<\/div>\n<\/div>\n<\/div>\n<div class=\"my-3 col-12\">\n<div class=\"col px-md-4 px-lg-5 post-signature-wrapper\"><span class=\"font-italic font-opensans-extrabold post-signature\">Fonte: Goi\u00e1s Agora<\/span><\/div>\n<\/div>\n","protected":false},"excerpt":{"rendered":"<p>O Governo de Goi\u00e1s, por meio da Agetop, entrega nesta sexta-feira (9\/2), o pres\u00eddio de Formosa, com capacidade para 300 vagas. O complexo tem seis mil metros quadrados de \u00e1rea edificada, com oito blocos com alojamentos, celas, p\u00e1tio, refeit\u00f3rio, estacionamento e corpo administrativo, al\u00e9m de galp\u00f5es e guaritas de seguran\u00e7a. Foram investidos R$ 18.600.000,00 na &hellip;<\/p>\n","protected":false},"author":3,"featured_media":14475,"comment_status":"open","ping_status":"open","sticky":false,"template":"","format":"standard","meta":{"_exactmetrics_skip_tracking":false,"_exactmetrics_sitenote_active":false,"_exactmetrics_sitenote_note":"","_exactmetrics_sitenote_category":0,"footnotes":""},"categories":[15],"tags":[],"_links":{"self":[{"href":"https:\/\/goiasemtempo.com.br\/home\/wp-json\/wp\/v2\/posts\/14474"}],"collection":[{"href":"https:\/\/goiasemtempo.com.br\/home\/wp-json\/wp\/v2\/posts"}],"about":[{"href":"https:\/\/goiasemtempo.com.br\/home\/wp-json\/wp\/v2\/types\/post"}],"author":[{"embeddable":true,"href":"https:\/\/goiasemtempo.com.br\/home\/wp-json\/wp\/v2\/users\/3"}],"replies":[{"embeddable":true,"href":"https:\/\/goiasemtempo.com.br\/home\/wp-json\/wp\/v2\/comments?post=14474"}],"version-history":[{"count":1,"href":"https:\/\/goiasemtempo.com.br\/home\/wp-json\/wp\/v2\/posts\/14474\/revisions"}],"predecessor-version":[{"id":14476,"href":"https:\/\/goiasemtempo.com.br\/home\/wp-json\/wp\/v2\/posts\/14474\/revisions\/14476"}],"wp:featuredmedia":[{"embeddable":true,"href":"https:\/\/goiasemtempo.com.br\/home\/wp-json\/wp\/v2\/media\/14475"}],"wp:attachment":[{"href":"https:\/\/goiasemtempo.com.br\/home\/wp-json\/wp\/v2\/media?parent=14474"}],"wp:term":[{"taxonomy":"category","embeddable":true,"href":"https:\/\/goiasemtempo.com.br\/home\/wp-json\/wp\/v2\/categories?post=14474"},{"taxonomy":"post_tag","embeddable":true,"href":"https:\/\/goiasemtempo.com.br\/home\/wp-json\/wp\/v2\/tags?post=14474"}],"curies":[{"name":"wp","href":"https:\/\/api.w.org\/{rel}","templated":true}]}}