{"id":14339,"date":"2018-02-05T19:42:12","date_gmt":"2018-02-05T19:42:12","guid":{"rendered":"https:\/\/goiasemtempo.com.br\/home\/?p=14339"},"modified":"2018-02-05T19:42:12","modified_gmt":"2018-02-05T19:42:12","slug":"pt-nao-vai-reconhecer-resultado-de-eleicao-se-lula-nao-for-candidato-diz-partido","status":"publish","type":"post","link":"https:\/\/goiasemtempo.com.br\/home\/pt-nao-vai-reconhecer-resultado-de-eleicao-se-lula-nao-for-candidato-diz-partido\/","title":{"rendered":"PT n\u00e3o vai reconhecer resultado de elei\u00e7\u00e3o se Lula n\u00e3o for candidato, diz partido"},"content":{"rendered":"<p>O PT publicou texto no seu site nesta segunda-feira, 5, em que afirma que a presidente nacional do partido, senadora Gleisi Hoffmann (PR), &#8220;sinaliza&#8221; que a legenda n\u00e3o vai reconhecer o resultado eleitoral da elei\u00e7\u00e3o presidencial de outubro caso o ex-presidente Luiz In\u00e1cio Lula da Silva for impedido de disputar o pleito. \u201cA presidenta nacional do PT, senadora Gleisi Hoffmann, sinaliza que o partido n\u00e3o reconhecer\u00e1 o resultado das elei\u00e7\u00f5es se Lula for impedido de candidatar-se \u00e0 Presid\u00eancia da Rep\u00fablica. &#8216;Sem ela (<em>a candidatura<\/em>), teremos a ilegitimidade do processo eleitoral e a continuidade da ruptura do pacto democr\u00e1tico que fizemos na Constitui\u00e7\u00e3o de 1988: voto soberano e elei\u00e7\u00f5es livres!, escreve\u201d, diz o texto do site.<\/p>\n<p>Contr\u00e1rio publicamente \u00e0 possibilidade de um substituto de Lula na disputa, o partido reafirma que o petista \u00e9 nome da sigla para disputar o pleito. &#8220;Lula \u00e9 \u2013 e ser\u00e1 candidato \u2013 por ser inocente. Condenado injustamente, sem crime demonstrado e sem provas, o maior l\u00edder popular de nossa hist\u00f3ria tem a maioria das inten\u00e7\u00f5es de voto do povo brasileiro&#8221;, afirma o partido.<\/p>\n<p>Na semana passada, o presidente do diret\u00f3rio estadual do PT do Rio, Washington Quaqu\u00e1,sugeriu\u00a0que o partido discuta abertamente o tal &#8220;plano B&#8221; a Lula. &#8220;E por fim, sinceramente, precisamos discutir muito bem o que \u00e9 esse negocio de n\u00e3o ter \u2018plano B\u2019&#8221;, disse ele em texto publicado em perfil de rede social do partido no Rio.<\/p>\n<p>O ex-presidente pode ser declarado ineleg\u00edvel por causa da Lei da Ficha Limpa. Segundo a legisla\u00e7\u00e3o, candidatos condenados<\/p>\n<p>por \u00f3rg\u00e3o judicial colegiado est\u00e3o impedidos de disputar elei\u00e7\u00f5es. Lula teve condena\u00e7\u00e3o confirmada pelo Tribunal Regional Federal da 4.\u00aa Regi\u00e3o (TRF-4) no dia 24. Cabe, no entanto, ao Supremo Tribunal Federal dar a \u00faltima palavra sobre a possibilidade de Lula ser candidato.<\/p>\n<p>&#8220;Vamos utilizar todos os recursos jur\u00eddicos cab\u00edveis para defender Lula, porque n\u00e3o respeitamos essa decis\u00e3o do TRF4, como n\u00e3o respeitamos S\u00e9rgio Moro e o Minist\u00e9rio P\u00fablico Federal de Curitiba. Nosso tom de indigna\u00e7\u00e3o \u00e9 e continuar\u00e1 sendo alto, porque n\u00e3o podemos compactuar com a injusti\u00e7a, com o aniquilamento e a desconstru\u00e7\u00e3o de uma lideran\u00e7a como Lula&#8221;, diz o texto do PT.<\/p>\n<p><strong>PLAUSIBILIDADE<\/strong><br \/>\nNo texto, o partido recorre a artigo da Lei da Ficha Limpa que fala da suspens\u00e3o da inelegibilidade: &#8220;O \u00f3rg\u00e3o colegiado do tribunal ao qual couber a aprecia\u00e7\u00e3o do recurso contra as decis\u00f5es colegiadas a que se referem as al\u00edneas <em>d, e, h, j, l <\/em>e<em> n<\/em> do inciso I do art. 1o poder\u00e1, em car\u00e1ter cautelar, suspender a inelegibilidade sempre que existir plausibilidade da pretens\u00e3o recursal e desde que a provid\u00eancia tenha sido expressamente requerida, sob pena de preclus\u00e3o, por ocasi\u00e3o da interposi\u00e7\u00e3o do recurso&#8221;.<\/p>\n<p>O ex-ministro da Justi\u00e7a Jos\u00e9 Eduardo Cardozo, relator da lei, acredita que a &#8220;plausibilidade&#8221; pode suspender a decis\u00e3o. &#8220;Elaboramos uma ideia que foi incorporada \u00e0 lei segundo \u00e0 qual havendo plausibilidade do recurso pode haver efeito suspensivo para que a pessoa possa disputar a elei\u00e7\u00e3o. Naquele momento j\u00e1 antev\u00edamos a possibilidade de decis\u00f5es arbitr\u00e1rias por parte do Judici\u00e1rio. Fizemos essa coloca\u00e7\u00e3o e inclu\u00ed no relat\u00f3rio em um momento em que havia muita dificuldade de fazer altera\u00e7\u00f5es na Lei da Ficha Limpa&#8221;, disse eleem entrevista\u00a0\u00a0 publicada pelo <strong>Estado <\/strong>no domingo, 4.<\/p>\n<p>O ex-presidente manteve\u00a0\u00a0os \u00edndices de inten\u00e7\u00e3o de voto na corrida presidencial que tinha em dezembro, segundo pesquisa do Instituto Datafolha divulgada na quarta-feira, 31, pelo jornal <em>Folha de S.Paulo. <\/em>O petista lidera cinco cen\u00e1rios, com 34% a 37% da prefer\u00eancia do eleitorado.<\/p>\n","protected":false},"excerpt":{"rendered":"<p>O PT publicou texto no seu site nesta segunda-feira, 5, em que afirma que a presidente nacional do partido, senadora Gleisi Hoffmann (PR), &#8220;sinaliza&#8221; que a legenda n\u00e3o vai reconhecer o resultado eleitoral da elei\u00e7\u00e3o presidencial de outubro caso o ex-presidente Luiz In\u00e1cio Lula da Silva for impedido de disputar o pleito. \u201cA presidenta nacional &hellip;<\/p>\n","protected":false},"author":3,"featured_media":14341,"comment_status":"open","ping_status":"open","sticky":false,"template":"","format":"standard","meta":{"_exactmetrics_skip_tracking":false,"_exactmetrics_sitenote_active":false,"_exactmetrics_sitenote_note":"","_exactmetrics_sitenote_category":0,"footnotes":""},"categories":[2],"tags":[],"_links":{"self":[{"href":"https:\/\/goiasemtempo.com.br\/home\/wp-json\/wp\/v2\/posts\/14339"}],"collection":[{"href":"https:\/\/goiasemtempo.com.br\/home\/wp-json\/wp\/v2\/posts"}],"about":[{"href":"https:\/\/goiasemtempo.com.br\/home\/wp-json\/wp\/v2\/types\/post"}],"author":[{"embeddable":true,"href":"https:\/\/goiasemtempo.com.br\/home\/wp-json\/wp\/v2\/users\/3"}],"replies":[{"embeddable":true,"href":"https:\/\/goiasemtempo.com.br\/home\/wp-json\/wp\/v2\/comments?post=14339"}],"version-history":[{"count":1,"href":"https:\/\/goiasemtempo.com.br\/home\/wp-json\/wp\/v2\/posts\/14339\/revisions"}],"predecessor-version":[{"id":14342,"href":"https:\/\/goiasemtempo.com.br\/home\/wp-json\/wp\/v2\/posts\/14339\/revisions\/14342"}],"wp:featuredmedia":[{"embeddable":true,"href":"https:\/\/goiasemtempo.com.br\/home\/wp-json\/wp\/v2\/media\/14341"}],"wp:attachment":[{"href":"https:\/\/goiasemtempo.com.br\/home\/wp-json\/wp\/v2\/media?parent=14339"}],"wp:term":[{"taxonomy":"category","embeddable":true,"href":"https:\/\/goiasemtempo.com.br\/home\/wp-json\/wp\/v2\/categories?post=14339"},{"taxonomy":"post_tag","embeddable":true,"href":"https:\/\/goiasemtempo.com.br\/home\/wp-json\/wp\/v2\/tags?post=14339"}],"curies":[{"name":"wp","href":"https:\/\/api.w.org\/{rel}","templated":true}]}}