{"id":14100,"date":"2018-02-02T14:51:22","date_gmt":"2018-02-02T14:51:22","guid":{"rendered":"https:\/\/goiasemtempo.com.br\/home\/?p=14100"},"modified":"2018-02-02T14:51:22","modified_gmt":"2018-02-02T14:51:22","slug":"fuvest-divulga-lista-de-aprovados-do-vestibular-2018-confira","status":"publish","type":"post","link":"https:\/\/goiasemtempo.com.br\/home\/fuvest-divulga-lista-de-aprovados-do-vestibular-2018-confira\/","title":{"rendered":"Fuvest divulga lista de aprovados do vestibular 2018; confira"},"content":{"rendered":"<p>Funda\u00e7\u00e3o Universit\u00e1ria para o Vestibular (<a href=\"http:\/\/www.fuvest.br\/\"><strong>Fuvest<\/strong><\/a>) divulgou nesta sexta-feira, 2, a <a href=\"ms-appx:\/\/www.fuvest.br\/wp-content\/uploads\/fuvest_2018_chamada_1.pdf\"><strong>lista de aprovados<\/strong><\/a> no Sistema de Sele\u00e7\u00e3o Unificada <a href=\"http:\/\/www.sisu.mec.gov.br\/\"><strong>(Sisu)<\/strong><\/a>, que utiliza a nota do Exame Nacional do Ensino M\u00e9dio (Enem) para a sele\u00e7\u00e3o. O candidato dever\u00e1 fazer matr\u00edcula presencialmente nos dias 5, 6 e 7 de fevereiro na Unidade de Ensino e Pesquisa para a qual o estudante foi aprovado.<\/p>\n<p><strong><a href=\"ms-appx:\/\/www.fuvest.br\/wp-content\/uploads\/fuvest_2018_chamada_1.pdf\">CONFIRA AQUI A LISTA DE APROVADOS\u00a0<\/a><\/strong><\/p>\n<p><a href=\"http:\/\/educacao.estadao.com.br\/noticias\/geral%2csisu-divulga-lista-dos-aprovados-nesta-segunda-feira%2c70002169503\"><strong>O resultado do Sisu foi divulgado pelo Minist\u00e9rio da Educa\u00e7\u00e3o (MEC) no dia 29 de janeiro<\/strong><\/a>. Em 2018, todas as 42 Unidades de Ensino e Pesquisa da USP disponibilizaram vagas para o Sisu.<\/p>\n<p>O classificado na sele\u00e7\u00e3o dever\u00e1 apresentar o certificado de conclus\u00e3o do Ensino M\u00e9dio. No caso dos candidatos que j\u00e1 conclu\u00edram uma gradua\u00e7\u00e3o, \u00e9 necess\u00e1rio mostrar o diploma de curso superior. Al\u00e9m disso, a USP solicita o hist\u00f3rico escolar, um documento de identidade e uma foto 3&#215;4 recente.<\/p>\n<p>Foram reservadas este ano 2.745 vagas para o Sisu: um aumento de 407 vagas em rela\u00e7\u00e3o ao ano passado. S\u00e3o 423 para ampla concorr\u00eancia, 1.312 para alunos de escolas p\u00fablicas e 1.010 para alunos oriundos de escolas p\u00fablicas autodeclarados pretos, pardos e ind\u00edgenas. O candidato que se autodeclara preto, pardo ou ind\u00edgena dever\u00e1, no momento da matr\u00edcula, assinar um formul\u00e1rio confirmando a informa\u00e7\u00e3o fornecida no ato de inscri\u00e7\u00e3o como pertencente ao grupo.<\/p>\n<p>Veja o endere\u00e7o de matr\u00edcula de acordo com o curso no qual foi aprovado:<a href=\"http:\/\/http\/\/jornal.usp.br\/wp-content\/uploads\/Edital_Sisu-USP_2018.pdf%20\"><strong>http:\/\/jornal.usp.br\/wp-content\/uploads\/Edital_Sisu-USP_2018.pdf <\/strong><\/a><\/p>\n","protected":false},"excerpt":{"rendered":"<p>Funda\u00e7\u00e3o Universit\u00e1ria para o Vestibular (Fuvest) divulgou nesta sexta-feira, 2, a lista de aprovados no Sistema de Sele\u00e7\u00e3o Unificada (Sisu), que utiliza a nota do Exame Nacional do Ensino M\u00e9dio (Enem) para a sele\u00e7\u00e3o. O candidato dever\u00e1 fazer matr\u00edcula presencialmente nos dias 5, 6 e 7 de fevereiro na Unidade de Ensino e Pesquisa para &hellip;<\/p>\n","protected":false},"author":3,"featured_media":14101,"comment_status":"open","ping_status":"open","sticky":false,"template":"","format":"standard","meta":{"_exactmetrics_skip_tracking":false,"_exactmetrics_sitenote_active":false,"_exactmetrics_sitenote_note":"","_exactmetrics_sitenote_category":0,"footnotes":""},"categories":[6],"tags":[],"_links":{"self":[{"href":"https:\/\/goiasemtempo.com.br\/home\/wp-json\/wp\/v2\/posts\/14100"}],"collection":[{"href":"https:\/\/goiasemtempo.com.br\/home\/wp-json\/wp\/v2\/posts"}],"about":[{"href":"https:\/\/goiasemtempo.com.br\/home\/wp-json\/wp\/v2\/types\/post"}],"author":[{"embeddable":true,"href":"https:\/\/goiasemtempo.com.br\/home\/wp-json\/wp\/v2\/users\/3"}],"replies":[{"embeddable":true,"href":"https:\/\/goiasemtempo.com.br\/home\/wp-json\/wp\/v2\/comments?post=14100"}],"version-history":[{"count":1,"href":"https:\/\/goiasemtempo.com.br\/home\/wp-json\/wp\/v2\/posts\/14100\/revisions"}],"predecessor-version":[{"id":14102,"href":"https:\/\/goiasemtempo.com.br\/home\/wp-json\/wp\/v2\/posts\/14100\/revisions\/14102"}],"wp:featuredmedia":[{"embeddable":true,"href":"https:\/\/goiasemtempo.com.br\/home\/wp-json\/wp\/v2\/media\/14101"}],"wp:attachment":[{"href":"https:\/\/goiasemtempo.com.br\/home\/wp-json\/wp\/v2\/media?parent=14100"}],"wp:term":[{"taxonomy":"category","embeddable":true,"href":"https:\/\/goiasemtempo.com.br\/home\/wp-json\/wp\/v2\/categories?post=14100"},{"taxonomy":"post_tag","embeddable":true,"href":"https:\/\/goiasemtempo.com.br\/home\/wp-json\/wp\/v2\/tags?post=14100"}],"curies":[{"name":"wp","href":"https:\/\/api.w.org\/{rel}","templated":true}]}}