{"id":14084,"date":"2018-02-02T11:58:11","date_gmt":"2018-02-02T11:58:11","guid":{"rendered":"https:\/\/goiasemtempo.com.br\/home\/?p=14084"},"modified":"2018-03-30T04:25:23","modified_gmt":"2018-03-30T04:25:23","slug":"tributo-a-jose-miguel-hajjar","status":"publish","type":"post","link":"https:\/\/goiasemtempo.com.br\/home\/tributo-a-jose-miguel-hajjar\/","title":{"rendered":"Homenagem a Jos\u00e9  Miguel  Hajjar"},"content":{"rendered":"<p><strong><br \/>\nO SR. JOS\u00c9 MIGUEL FOI UMA DAQUELAS PESSOAS DE POUCA CONVERSA MAS DE UM CONTE\u00daDO PROFUNDO ONDE A FAM\u00cdLIA E OS AMIGOS PUDERAM USUFRUIR COM MUITA SIMPLICIDADE, \u00c9 ASSIM QUE QUEREMOS TRATAR UMA PESSOA EM QUE NA SUA EXIST\u00caNCIA TINHA O AMOR COMO SEU PRINCIPAL ADJETIVO.<br \/>\nCOME\u00c7ANDO FALAR ASSIM DO JOS\u00c9 MIGUEL ESTAMOS AUTORIZADOS<br \/>\nA RELATAR PARTE DA SUA HISTORIA.<br \/>\nO EST\u00c1DIO JONAS DUARTE PAROU NO DOMINGO\u00a0 PR\u00d3XIMO PASSADO<br \/>\nAO HOR\u00c1RIO DO TRADICIONAL CL\u00c1SSICO ENTRE ANAPOLIS X ANAPOLINA,<br \/>\nS\u00d3 ALGU\u00c9M COMO ELE SERIA CAPAZ DE TIRAR AS PESSOAS DE CASA<br \/>\nEM UM DIA DE TARDE CONSIDERADO PARA DESCANSO (DOMINGO DIA 28\/01\/18)<br \/>\nUM POUCO MENOS DE 1 ANO DE SUA PARTIDA, FOI O SUFICIENTE<br \/>\nPARA QUE A SAUDADE ESTIVESSE T\u00c3O FORTE NO CORA\u00c7\u00c3O DOS FAMILIARES<br \/>\nDOS AMIGOS E DA GRANDE NA\u00c7\u00c3O TRICOLOR, A PONTO DOS ADVERS\u00c1RIOS REVERENCIAREM O MOMENTO DE HOMENAGEM DE P\u00c9, E APLAUDIR COMO SE FOSSE<br \/>\nUM ENTE QUERIDO DA FAM\u00cdLIA, MAS DESSA MANEIRA E NESSE MOMENTO ELE<br \/>\n(JOS\u00c9 MIGUEL) SEMPRE TEVE O RESPEITO E CARINHO DE TODOS.<br \/>\nREPRESENTANDO A FAM\u00cdLIA, FILHAS, NETOS, GENROS E AMIGOS FOI ENTREGUE A PLACA PELAS M\u00c3OS DO PRESIDENTE DO CONSELHO DELIBERATIVO DO ANAPOLIS F.C O SR. JOSE PAULO TINAZO, ATROPELADO PELA EMO\u00c7\u00c3O O AMIGO DE MUITOS ANOS PASSA A PLACA A FILHA CL\u00c1UDIA HAJJAR.<br \/>\nJOS\u00c9 MIGUEL HAJJAR FEZ PELO GALO ALGO QUE AO LONGO DESSE RELATO N\u00c3O SERIA CAPAZ DE CATALOGARMOS, MAS BASTA SABER QUE NOS TEMPOS DE HOJE S\u00d3 A PERMANECIA DE UM CLUBE DE FUTEBOL PROFISSIONAL EM ATIVIDADE \u00c9 O SUFICIENTE PARA MEDIR O SEU COMPROMETIMENTO COM ESSA PAIX\u00c3O ANTIGA.<br \/>\nO GRANDE BALUARTE DO FUTEBOL GOIANO SAI DE CENA MAS DEIXA UMA HISTORIA VIVA EM NOSSO CORA\u00c7\u00d5ES, PRIVILEGIANDO QUE SOMOS EM TER COM ELE CONVIVIDO SABEMOS QUE ELE TINHA COM OS FAMILIARES OS GRANDES MOMENTOS E DIVIDIA COM OS<br \/>\nAMIGOS A SUA PAIX\u00c3O COM O GALO DA COMARCA COMO ERA ASSIM QUE CARINHOSAMENTE O TRATAVA.<br \/>\nEM NOME DE TODOS OS ANAPOLINOS FICA O AGRADECIMENTO AO EMPRES\u00c1RIO QUE DE FORMA DECISIVA FOI E SEMPRE SER\u00c1 RESPONS\u00c1VEL PELO CRESCIMENTO E PROGRESSO DE NOSSA CIDADE, ESTADO E PA\u00cdS.<br \/>\nOBRIGADO: RIZEK MIKHAIL HAJJAR<br \/>\n* 28\/10\/1940<br \/>\n+ 31\/03\/2017\u00a0<\/strong><\/p>\n<p>Por: Vanderley Braga<\/p>\n","protected":false},"excerpt":{"rendered":"<p>O SR. JOS\u00c9 MIGUEL FOI UMA DAQUELAS PESSOAS DE POUCA CONVERSA MAS DE UM CONTE\u00daDO PROFUNDO ONDE A FAM\u00cdLIA E OS AMIGOS PUDERAM USUFRUIR COM MUITA SIMPLICIDADE, \u00c9 ASSIM QUE QUEREMOS TRATAR UMA PESSOA EM QUE NA SUA EXIST\u00caNCIA TINHA O AMOR COMO SEU PRINCIPAL ADJETIVO. COME\u00c7ANDO FALAR ASSIM DO JOS\u00c9 MIGUEL ESTAMOS AUTORIZADOS A &hellip;<\/p>\n","protected":false},"author":4,"featured_media":32027,"comment_status":"open","ping_status":"open","sticky":false,"template":"","format":"standard","meta":{"footnotes":""},"categories":[4],"tags":[],"class_list":["post-14084","post","type-post","status-publish","format-standard","has-post-thumbnail","hentry","category-ultimas-noticias"],"_links":{"self":[{"href":"https:\/\/goiasemtempo.com.br\/home\/wp-json\/wp\/v2\/posts\/14084","targetHints":{"allow":["GET"]}}],"collection":[{"href":"https:\/\/goiasemtempo.com.br\/home\/wp-json\/wp\/v2\/posts"}],"about":[{"href":"https:\/\/goiasemtempo.com.br\/home\/wp-json\/wp\/v2\/types\/post"}],"author":[{"embeddable":true,"href":"https:\/\/goiasemtempo.com.br\/home\/wp-json\/wp\/v2\/users\/4"}],"replies":[{"embeddable":true,"href":"https:\/\/goiasemtempo.com.br\/home\/wp-json\/wp\/v2\/comments?post=14084"}],"version-history":[{"count":4,"href":"https:\/\/goiasemtempo.com.br\/home\/wp-json\/wp\/v2\/posts\/14084\/revisions"}],"predecessor-version":[{"id":32013,"href":"https:\/\/goiasemtempo.com.br\/home\/wp-json\/wp\/v2\/posts\/14084\/revisions\/32013"}],"wp:featuredmedia":[{"embeddable":true,"href":"https:\/\/goiasemtempo.com.br\/home\/wp-json\/wp\/v2\/media\/32027"}],"wp:attachment":[{"href":"https:\/\/goiasemtempo.com.br\/home\/wp-json\/wp\/v2\/media?parent=14084"}],"wp:term":[{"taxonomy":"category","embeddable":true,"href":"https:\/\/goiasemtempo.com.br\/home\/wp-json\/wp\/v2\/categories?post=14084"},{"taxonomy":"post_tag","embeddable":true,"href":"https:\/\/goiasemtempo.com.br\/home\/wp-json\/wp\/v2\/tags?post=14084"}],"curies":[{"name":"wp","href":"https:\/\/api.w.org\/{rel}","templated":true}]}}