{"id":13808,"date":"2018-01-29T20:58:50","date_gmt":"2018-01-29T20:58:50","guid":{"rendered":"https:\/\/goiasemtempo.com.br\/home\/?p=13808"},"modified":"2018-01-29T20:59:19","modified_gmt":"2018-01-29T20:59:19","slug":"ministro-oferece-apoio-federal-ao-ceara-e-alfineta-governador","status":"publish","type":"post","link":"https:\/\/goiasemtempo.com.br\/home\/ministro-oferece-apoio-federal-ao-ceara-e-alfineta-governador\/","title":{"rendered":"Ministro oferece apoio federal ao Cear\u00e1 e alfineta governador"},"content":{"rendered":"<p>O ministro da Justi\u00e7a,Torqueto Jardim\u00a0, afirmou que ser\u00e1 constitu\u00edda uma for\u00e7a-tarefa federal para \u201csubsidiar a Secretaria de Seguran\u00e7a P\u00fablica do Estado do Cear\u00e1 com investiga\u00e7\u00e3o e informa\u00e7\u00f5es de intelig\u00eancia\u201d ap\u00f3s a chacina que matou catorze pessoas no \u00faltimo s\u00e1bado, em Fortaleza. O grupo contar\u00e1 com as participa\u00e7\u00f5es da Secretaria Nacional de Seguran\u00e7a, da Pol\u00edcia Federal (PF), da Pol\u00edcia Rodovi\u00e1ria Federal (PRF) e do Departamento Penitenci\u00e1rio Nacional (Depen).<\/p>\n<p>O an\u00fancio foi feito em nota divulgada ap\u00f3s as declara\u00e7\u00f5es do governador do Cear\u00e1\u00a0<strong>Camilo Santana<\/strong> (PT), que cobrou \u201ca\u00e7\u00f5es mais efetivas do\u00a0governo federal em rela\u00e7\u00e3o ao crime organizado e ao tr\u00e1fico de drogas\u201d. Torquato Jardim alfinetou Santana, dizendo que a Uni\u00e3o seguir\u00e1 apoiando os estados \u201cainda que os governantes n\u00e3o solicitem apoio por raz\u00f5es eminentemente pol\u00edticas\u201d. Filiado ao PT e ligado ao ex-ministro Ciro Gomes (PDT), Camilo Santana faz oposi\u00e7\u00e3o ao governo de Michel Temer\u00a0(PMDB).<\/p>\n<p>Segundo a nota divulgada pelo Minist\u00e9rio, a for\u00e7a-tarefa tem como objetivo\u00a0\u201cpropiciar aos \u00f3rg\u00e3os de seguran\u00e7a do estado que atuem para reprimir de forma exemplar a a\u00e7\u00e3o de grupos criminosos envolvidos na chacina do \u00faltimo s\u00e1bado\u201d. Na entrevista coletiva concedida ap\u00f3s reuni\u00e3o com entidades, Santana evitou confirmar o envolvimento de fac\u00e7\u00f5es criminosas, mas disse que o Cear\u00e1\u00a0est\u00e1 \u201cpagando um pre\u00e7o muito caro hoje por falta de uma pol\u00edtica nacional\u201d.<\/p>\n<p>\u201cO tr\u00e1fico e as fac\u00e7\u00f5es come\u00e7aram no Rio e em S\u00e3o Paulo e se espalharam pelo Brasil inteiro. Isso \u00e9 uma briga de territ\u00f3rio. \u00c9 um neg\u00f3cio il\u00edcito que precisa de toda uma a\u00e7\u00e3o integrada. E o governo federal tem que cumprir o seu papel, a sua responsabilidade\u201d, afirmou.<\/p>\n<p>Por volta das 0h40 de s\u00e1bado,criminosos armados\u00a0 a festa \u201cForr\u00f3 do Gago\u201d no bairro de Cajazeiras, na periferia de Fortaleza, abrindo fogo contra dezenas de pessoas que estavam no local. Catorze pessoas morreram, sendo oito mulheres e seis homens, e outras dezoito ficaram feridas.<\/p>\n<p>A principal suspeita \u00e9 a de que o caso seja mais um epis\u00f3dio da guerra entre fac\u00e7\u00f5es criminosas no estado. At\u00e9 o momento, cinco envolvidos, sendo tr\u00eas mandantes, j\u00e1 foram identificados e um homem foi preso portando um fuzil. Ap\u00f3s a reuni\u00e3o deste domingo, o governador afirmou que as outras pris\u00f5es seriam executadas \u201cnas pr\u00f3ximas horas\u201d, mas o estado n\u00e3o divulgou novas pris\u00f5es desde ent\u00e3o.<\/p>\n","protected":false},"excerpt":{"rendered":"<p>O ministro da Justi\u00e7a,Torqueto Jardim\u00a0, afirmou que ser\u00e1 constitu\u00edda uma for\u00e7a-tarefa federal para \u201csubsidiar a Secretaria de Seguran\u00e7a P\u00fablica do Estado do Cear\u00e1 com investiga\u00e7\u00e3o e informa\u00e7\u00f5es de intelig\u00eancia\u201d ap\u00f3s a chacina que matou catorze pessoas no \u00faltimo s\u00e1bado, em Fortaleza. O grupo contar\u00e1 com as participa\u00e7\u00f5es da Secretaria Nacional de Seguran\u00e7a, da Pol\u00edcia Federal &hellip;<\/p>\n","protected":false},"author":3,"featured_media":13809,"comment_status":"open","ping_status":"open","sticky":false,"template":"","format":"standard","meta":{"footnotes":""},"categories":[4],"tags":[],"class_list":["post-13808","post","type-post","status-publish","format-standard","has-post-thumbnail","hentry","category-ultimas-noticias"],"_links":{"self":[{"href":"https:\/\/goiasemtempo.com.br\/home\/wp-json\/wp\/v2\/posts\/13808","targetHints":{"allow":["GET"]}}],"collection":[{"href":"https:\/\/goiasemtempo.com.br\/home\/wp-json\/wp\/v2\/posts"}],"about":[{"href":"https:\/\/goiasemtempo.com.br\/home\/wp-json\/wp\/v2\/types\/post"}],"author":[{"embeddable":true,"href":"https:\/\/goiasemtempo.com.br\/home\/wp-json\/wp\/v2\/users\/3"}],"replies":[{"embeddable":true,"href":"https:\/\/goiasemtempo.com.br\/home\/wp-json\/wp\/v2\/comments?post=13808"}],"version-history":[{"count":2,"href":"https:\/\/goiasemtempo.com.br\/home\/wp-json\/wp\/v2\/posts\/13808\/revisions"}],"predecessor-version":[{"id":13811,"href":"https:\/\/goiasemtempo.com.br\/home\/wp-json\/wp\/v2\/posts\/13808\/revisions\/13811"}],"wp:featuredmedia":[{"embeddable":true,"href":"https:\/\/goiasemtempo.com.br\/home\/wp-json\/wp\/v2\/media\/13809"}],"wp:attachment":[{"href":"https:\/\/goiasemtempo.com.br\/home\/wp-json\/wp\/v2\/media?parent=13808"}],"wp:term":[{"taxonomy":"category","embeddable":true,"href":"https:\/\/goiasemtempo.com.br\/home\/wp-json\/wp\/v2\/categories?post=13808"},{"taxonomy":"post_tag","embeddable":true,"href":"https:\/\/goiasemtempo.com.br\/home\/wp-json\/wp\/v2\/tags?post=13808"}],"curies":[{"name":"wp","href":"https:\/\/api.w.org\/{rel}","templated":true}]}}