{"id":13491,"date":"2018-01-25T19:12:33","date_gmt":"2018-01-25T19:12:33","guid":{"rendered":"https:\/\/goiasemtempo.com.br\/home\/?p=13491"},"modified":"2018-01-25T19:12:33","modified_gmt":"2018-01-25T19:12:33","slug":"lula-diz-que-nao-respeitara-decisao-da-justica","status":"publish","type":"post","link":"https:\/\/goiasemtempo.com.br\/home\/lula-diz-que-nao-respeitara-decisao-da-justica\/","title":{"rendered":"Lula diz que n\u00e3o respeitar\u00e1 decis\u00e3o da Justi\u00e7a"},"content":{"rendered":"<p>Um dia depois de ser condenado pelo Tribunal Regional Federal da 4.\u00aa Regi\u00e3o (TRF-4) a 12 anos e 1 m\u00eas de pris\u00e3o, o ex-presidente Luiz In\u00e1cio Lula da Silva disse que n\u00e3o respeitar\u00e1 a decis\u00e3o da Justi\u00e7a. Em ato pol\u00edtico que aprovou sua pr\u00e9-candidatura ao Pal\u00e1cio do Planalto, nesta quinta-feira, 25, Lula conclamou os militantes a defend\u00ea-lo nas ruas e pregou o enfrentamento pol\u00edtico.<\/p>\n<p>&#8220;Esse ser humano simp\u00e1tico que est\u00e1 falando com voc\u00eas n\u00e3o tem nenhuma raz\u00e3o para respeitar a decis\u00e3o de ontem&#8221;, afirmou o ex-presidente, em reuni\u00e3o da Executiva Nacional do PT, em S\u00e3o Paulo. &#8220;Quando as pessoas se comportam como ju\u00edzes, sempre respeitei, mas quando se comportam como dirigentes de partido pol\u00edtico, contando inverdades, realmente n\u00e3o posso respeitar. Se n\u00e3o perderei o respeito da minha neta de 6 meses, dos meus filhos e perderei o respeito de voc\u00eas.&#8221;<\/p>\n<p>Lula chegou a se comparar a Jesus Cristo, ao afirmar que ele foi condenado \u00e0 morte. &#8220;E olhe que n\u00e3o tinha empreiteira naquele tempo&#8221;, disse. Logo em seguida, por\u00e9m, o ex-presidente se corrigiu. &#8220;Eu sei que a imprensa vai dizer &#8216;Lula se compara a Jesus Cristo&#8217;. Longe disso&#8221;.<\/p>\n<p>Com a voz que ficou embargada algumas vezes, o ex-presidente disse que manter\u00e1 as caravanas pelo Brasil, mas conclamou o PT e os movimentos sociais a ajud\u00e1-lo no embate nas ruas. &#8220;Espero que a candidatura n\u00e3o dependa do Lula. Que voc\u00eas sejam capazes de faz\u00ea-la, mesmo se acontecer alguma coisa indesej\u00e1vel, e colocar o povo brasileiro em movimento&#8221;, insistiu o ex-presidente.<\/p>\n<p><strong>VAI RECORRER<\/strong><\/p>\n<p>O ex-presidente afirmou que sua defesa vai recorrer &#8220;naquilo que for poss\u00edvel&#8221; sobre a decis\u00e3o do TRF-4. &#8220;Eles tomaram uma decis\u00e3o pol\u00edtica com o objetivo que eu n\u00e3o volte \u00e0 Presid\u00eancia&#8221;, disse.<\/p>\n<p>Segundo ele, a decis\u00e3o un\u00e2nime dos desembargadores foi para valorizar a categoria dos ju\u00edzes. &#8220;N\u00e3o consigo explicar outra explica\u00e7\u00e3o, porque se encontrassem um crime que cometi, n\u00e3o estaria aqui pedindo desculpas para voc\u00eas. O julgamento de ontem foi mais valorizar a categoria dos ju\u00edzes, o corporativismo do que crime que estava em julgamento, porque n\u00e3o havia crime.&#8221; Segundo Lula, os desembargadores constru\u00edram um cartel para decis\u00e3o un\u00e2nime por 3 a 0 no TRF-4. &#8220;S\u00f3 ontem descobri que era um cartel, tinham que chamar o Cade (Conselho Administrativo de Defesa Econ\u00f4mica)&#8221;, disse.<\/p>\n<p>O ex-presidente disse tamb\u00e9m que est\u00e1 com a consci\u00eancia tranquila, diferente dos ju\u00edzes, segundo ele. &#8220;Eles sabem que condenaram um inocente. Mas n\u00e3o sofri tanto, porque sempre acreditei que iria ser do jeito que foi. Obviamente que n\u00e3o estou feliz, mas duvido que alguns deles que me julgaram est\u00e3o com consci\u00eancia tranquila como estou hoje com voc\u00eas.&#8221;<\/p>\n<p>O ex-presidente afirmou que o lan\u00e7amento da sua candidatura n\u00e3o \u00e9 s\u00f3 para disputar o pleito. &#8220;Vou para ganhar e governar&#8221;, disse. O petista ainda disse que n\u00e3o est\u00e1 sendo candidato para se proteger da Justi\u00e7a. &#8220;Minha prote\u00e7\u00e3o \u00e9 minha inoc\u00eancia. Vou ser candidato para governar decentemente esse Pa\u00eds.&#8221;<\/p>\n<p>Durante discurso de formaliza\u00e7\u00e3o de seu nome como candidato, Lula disse que estava criando o &#8220;Dia do Aceito&#8221;, em refer\u00eancia ao &#8220;Dia do Fico&#8221; de D. Pedro.<\/p>\n","protected":false},"excerpt":{"rendered":"<p>Um dia depois de ser condenado pelo Tribunal Regional Federal da 4.\u00aa Regi\u00e3o (TRF-4) a 12 anos e 1 m\u00eas de pris\u00e3o, o ex-presidente Luiz In\u00e1cio Lula da Silva disse que n\u00e3o respeitar\u00e1 a decis\u00e3o da Justi\u00e7a. Em ato pol\u00edtico que aprovou sua pr\u00e9-candidatura ao Pal\u00e1cio do Planalto, nesta quinta-feira, 25, Lula conclamou os militantes &hellip;<\/p>\n","protected":false},"author":3,"featured_media":13492,"comment_status":"open","ping_status":"open","sticky":false,"template":"","format":"standard","meta":{"_exactmetrics_skip_tracking":false,"_exactmetrics_sitenote_active":false,"_exactmetrics_sitenote_note":"","_exactmetrics_sitenote_category":0,"footnotes":""},"categories":[4],"tags":[],"_links":{"self":[{"href":"https:\/\/goiasemtempo.com.br\/home\/wp-json\/wp\/v2\/posts\/13491"}],"collection":[{"href":"https:\/\/goiasemtempo.com.br\/home\/wp-json\/wp\/v2\/posts"}],"about":[{"href":"https:\/\/goiasemtempo.com.br\/home\/wp-json\/wp\/v2\/types\/post"}],"author":[{"embeddable":true,"href":"https:\/\/goiasemtempo.com.br\/home\/wp-json\/wp\/v2\/users\/3"}],"replies":[{"embeddable":true,"href":"https:\/\/goiasemtempo.com.br\/home\/wp-json\/wp\/v2\/comments?post=13491"}],"version-history":[{"count":1,"href":"https:\/\/goiasemtempo.com.br\/home\/wp-json\/wp\/v2\/posts\/13491\/revisions"}],"predecessor-version":[{"id":13493,"href":"https:\/\/goiasemtempo.com.br\/home\/wp-json\/wp\/v2\/posts\/13491\/revisions\/13493"}],"wp:featuredmedia":[{"embeddable":true,"href":"https:\/\/goiasemtempo.com.br\/home\/wp-json\/wp\/v2\/media\/13492"}],"wp:attachment":[{"href":"https:\/\/goiasemtempo.com.br\/home\/wp-json\/wp\/v2\/media?parent=13491"}],"wp:term":[{"taxonomy":"category","embeddable":true,"href":"https:\/\/goiasemtempo.com.br\/home\/wp-json\/wp\/v2\/categories?post=13491"},{"taxonomy":"post_tag","embeddable":true,"href":"https:\/\/goiasemtempo.com.br\/home\/wp-json\/wp\/v2\/tags?post=13491"}],"curies":[{"name":"wp","href":"https:\/\/api.w.org\/{rel}","templated":true}]}}