{"id":13478,"date":"2018-01-25T16:18:11","date_gmt":"2018-01-25T16:18:11","guid":{"rendered":"https:\/\/goiasemtempo.com.br\/home\/?p=13478"},"modified":"2018-01-25T16:18:11","modified_gmt":"2018-01-25T16:18:11","slug":"carmen-lucia-nega-dois-habeas-corpus-em-favor-de-lula","status":"publish","type":"post","link":"https:\/\/goiasemtempo.com.br\/home\/carmen-lucia-nega-dois-habeas-corpus-em-favor-de-lula\/","title":{"rendered":"C\u00e1rmen L\u00facia nega dois habeas corpus em favor de Lula"},"content":{"rendered":"<p>A presidente do Supremo Tribunal Federal (STF), ministra C\u00e1rmen L\u00facia, negou na noite de ontem (24) dois pedidos de <em>habeas corpus<\/em> em favor do ex-presidente Luiz In\u00e1cio Lula da Silva. Lula foi condenado, por unanimidade, em segunda inst\u00e2ncia, pela 8\u00aa Turma do Tribunal Regional Federal da 4\u00aa Regi\u00e3o (TRF4), a 12 anos e um m\u00eas, em regime fechado, pelos crimes de corrup\u00e7\u00e3o passiva e lavagem de dinheiro no processo sobre o triplex localizado no Guaruj\u00e1 (SP).<\/p>\n<p>Os dois pedidos foram apresentados por estudantes de Direito. Em um deles, foi pedida a concess\u00e3o de liminar \u201cat\u00e9 o esgotamento de todas as possibilidades de recursos da segunda inst\u00e2ncia\u201d. O outro pedido diz que haveria \u201ceminente ame\u00e7a de pris\u00e3o injusta, sem tr\u00e2nsito em julgado, podendo gerar constrangimento irrevers\u00edvel e ilegal (\u2026) sem qualquer prova cabal\u201d.<\/p>\n<p>A argumenta\u00e7\u00e3o apresentada pela ministra para os pedidos foi similar, tendo por base a argumenta\u00e7\u00e3o de que &#8220;n\u00e3o \u00e9 atribui\u00e7\u00e3o do STF decidir, neste momento, esta quest\u00e3o&#8221;.<\/p>\n","protected":false},"excerpt":{"rendered":"<p>A presidente do Supremo Tribunal Federal (STF), ministra C\u00e1rmen L\u00facia, negou na noite de ontem (24) dois pedidos de habeas corpus em favor do ex-presidente Luiz In\u00e1cio Lula da Silva. Lula foi condenado, por unanimidade, em segunda inst\u00e2ncia, pela 8\u00aa Turma do Tribunal Regional Federal da 4\u00aa Regi\u00e3o (TRF4), a 12 anos e um m\u00eas, &hellip;<\/p>\n","protected":false},"author":3,"featured_media":13479,"comment_status":"open","ping_status":"open","sticky":false,"template":"","format":"standard","meta":{"_exactmetrics_skip_tracking":false,"_exactmetrics_sitenote_active":false,"_exactmetrics_sitenote_note":"","_exactmetrics_sitenote_category":0,"footnotes":""},"categories":[2],"tags":[],"_links":{"self":[{"href":"https:\/\/goiasemtempo.com.br\/home\/wp-json\/wp\/v2\/posts\/13478"}],"collection":[{"href":"https:\/\/goiasemtempo.com.br\/home\/wp-json\/wp\/v2\/posts"}],"about":[{"href":"https:\/\/goiasemtempo.com.br\/home\/wp-json\/wp\/v2\/types\/post"}],"author":[{"embeddable":true,"href":"https:\/\/goiasemtempo.com.br\/home\/wp-json\/wp\/v2\/users\/3"}],"replies":[{"embeddable":true,"href":"https:\/\/goiasemtempo.com.br\/home\/wp-json\/wp\/v2\/comments?post=13478"}],"version-history":[{"count":1,"href":"https:\/\/goiasemtempo.com.br\/home\/wp-json\/wp\/v2\/posts\/13478\/revisions"}],"predecessor-version":[{"id":13480,"href":"https:\/\/goiasemtempo.com.br\/home\/wp-json\/wp\/v2\/posts\/13478\/revisions\/13480"}],"wp:featuredmedia":[{"embeddable":true,"href":"https:\/\/goiasemtempo.com.br\/home\/wp-json\/wp\/v2\/media\/13479"}],"wp:attachment":[{"href":"https:\/\/goiasemtempo.com.br\/home\/wp-json\/wp\/v2\/media?parent=13478"}],"wp:term":[{"taxonomy":"category","embeddable":true,"href":"https:\/\/goiasemtempo.com.br\/home\/wp-json\/wp\/v2\/categories?post=13478"},{"taxonomy":"post_tag","embeddable":true,"href":"https:\/\/goiasemtempo.com.br\/home\/wp-json\/wp\/v2\/tags?post=13478"}],"curies":[{"name":"wp","href":"https:\/\/api.w.org\/{rel}","templated":true}]}}