{"id":13406,"date":"2018-01-24T23:36:54","date_gmt":"2018-01-24T23:36:54","guid":{"rendered":"https:\/\/goiasemtempo.com.br\/home\/?p=13406"},"modified":"2018-01-24T23:36:54","modified_gmt":"2018-01-24T23:36:54","slug":"imprensa-mundial-aponta-golpe-e-fim-do-pai-dos-pobres","status":"publish","type":"post","link":"https:\/\/goiasemtempo.com.br\/home\/imprensa-mundial-aponta-golpe-e-fim-do-pai-dos-pobres\/","title":{"rendered":"Imprensa mundial aponta &#8220;golpe&#8221; e &#8220;fim do pai dos pobres&#8221;"},"content":{"rendered":"<p>A decis\u00e3o un\u00e2nime dos desembargadores da 8\u00aa Turma do Tribunal Regional Federal da 4\u00aa Regi\u00e3o (TRF-4), em Porto Alegre, em manter a condena\u00e7\u00e3o e ampliar a pena do ex-presidente Luiz In\u00e1cio Lula da Silva no caso do triplex em Guaruj\u00e1 (SP) ganhou as capas dos principais jornais do mundo nesta quarta-feira (24).<\/p>\n<p class=\"text\">O jornal italiano\u00a0<em>Corriere della Sera\u00a0<\/em>ressalta que a condena\u00e7\u00e3o do &#8220;candidato favorito&#8221; para as pr\u00f3ximas elei\u00e7\u00f5es presidenciais \u00e9 &#8220;considerada um golpe&#8221;. J\u00e1 a publica\u00e7\u00e3o\u00a0<em>La Stampa\u00a0<\/em>garante que o julgamento pode &#8220;marcar o fim antecipado da longa carreira de Lula&#8221;.<\/p>\n<div id=\"ad-video-inread--wrapper\">\n<div id=\"ad-video-inread\" class=\"ad-video-inread\"><\/div>\n<\/div>\n<p class=\"text\">Por sua vez, o jornal brit\u00e2nico\u00a0<em>The Guardian\u00a0<\/em>afirma que a decis\u00e3o &#8220;complica seus planos para concorrer a um terceiro mandato e marca uma extraordin\u00e1ria mudan\u00e7a de sorte para o l\u00edder mais popular da hist\u00f3ria brasileira e moderna&#8221;.<\/p>\n<p class=\"text\">Segundo a publica\u00e7\u00e3o brit\u00e2nica, &#8220;a decis\u00e3o significa que Lula est\u00e1 legalmente ineleg\u00edvel nas elei\u00e7\u00f5es de outubro&#8221;, mas &#8220;poucos observadores acreditam que o ex-presidente ser\u00e1 preso&#8221;.<\/p>\n<p class=\"text\">O peri\u00f3dico espanhol\u00a0<em>El Pa\u00eds\u00a0<\/em>refor\u00e7a que a condena\u00e7\u00e3o do ex-chefe de Estado brasileiro por corrup\u00e7\u00e3o &#8220;compromete as aspira\u00e7\u00f5es do pol\u00edtico de esquerda para um novo mandato nas elei\u00e7\u00f5es presidenciais&#8221;. Al\u00e9m disso, o jornal lembra que Lula &#8220;pode recorrer para adiar a execu\u00e7\u00e3o e ganhar tempo numa tentativa de chegar em elei\u00e7\u00f5es em que todas as pesquisas o colocam como o grande favorito&#8221;.<\/p>\n<p class=\"text\">No di\u00e1rio econ\u00f4mico brit\u00e2nico\u00a0<em>Financial Times\u00a0<\/em>, a condena\u00e7\u00e3o de Lula \u00e9 tida como uma boa not\u00edcia para o mercado financeiro. &#8220;Os ativos brasileiros, que j\u00e1 estavam se recuperando muito antes da decis\u00e3o, ampliaram seus ganhos nas not\u00edcias&#8221;.<\/p>\n<p class=\"text\">O site argentino\u00a0<em>El Clar\u00edn\u00a0<\/em>afirma que o processo pode durar v\u00e1rios meses, j\u00e1 que &#8220;Lula n\u00e3o ser\u00e1 detido at\u00e9 que sua defesa esgote todos os recursos de apela\u00e7\u00e3o&#8221;.<\/p>\n<p class=\"text\">O mais importante jornal norte-americano,\u00a0<em>The New York Times\u00a0<\/em>, ressalta que a decis\u00e3o \u00e9 um &#8220;golpe significativo&#8221; na miss\u00e3o de Lula de conquistar seu terceiro mandato. &#8220;A decis\u00e3o foi uma vit\u00f3ria para os promotores no que pode ser o caso de maiores propor\u00e7\u00f5es no confronto entre o Poder Judici\u00e1rio brasileiro e a elite pol\u00edtica. Os promotores t\u00eam retratado o Sr. Lula\u00a0da Silva, que tamb\u00e9m \u00e9 acusado em outros seis casos de corrup\u00e7\u00e3o, como um elemento fundamental do sistema pol\u00edtico endemicamente corrupto do Brasil&#8221;, analisa a publica\u00e7\u00e3o.<\/p>\n<p class=\"text\">J\u00e1 a rede p\u00fablica brit\u00e2nica\u00a0<em>BBC\u00a0<\/em>noticia que a pena do antecessor de Dilma Rousseff foi aumentada para 12 anos e um m\u00eas, enquanto que a ag\u00eancia<em>Al Jazeera\u00a0<\/em>, sediada no Catar, disse que a medida &#8220;deve exacerbar as tens\u00f5es sociais no Brasil, que nos anos anteriores foi abalado por crises pol\u00edtica, econ\u00f4mica e institucional&#8221;.<\/p>\n<p class=\"text\">Por fim, o franc\u00eas\u00a0<em>Le Monde\u00a0<\/em>afirma que &#8220;o pai dos pobres&#8221;, uma &#8220;figura m\u00edtica da pol\u00edtica brasileira&#8221; foi declarado culpado.<\/p>\n<div class=\"imageElement videoEmbed\">\n<div class=\"player-embed-wrap\">\n<div id=\"player-embed-8564874\" class=\"player-embed  zaz--standalone\">\n<div class=\"zaz-player-container\" data-player-state=\"1\" data-size=\"620\">\n<div id=\"zp-vjs-3\" class=\"zp-video-element video-js vjs-controls-disabled vjs-workinghover vjs-v6 vjs-has-started zp-vjs-3-dimensions vjs-user-inactive vjs-playing\" lang=\"pt-br\" role=\"region\" aria-label=\"Video Player\"><\/div>\n<div class=\"zp-clickable-area\"><\/div>\n<div class=\"zp-status-paused\"><\/div>\n<div class=\"zp-status-playing\"><\/div>\n<div class=\"zp-socials-container\">\n<div class=\"zp-social-vertical-align\">\n<div class=\"zp-shadow-effect\"><\/div>\n<\/div>\n<\/div>\n<\/div>\n<\/div>\n<\/div>\n<\/div>\n","protected":false},"excerpt":{"rendered":"<p>A decis\u00e3o un\u00e2nime dos desembargadores da 8\u00aa Turma do Tribunal Regional Federal da 4\u00aa Regi\u00e3o (TRF-4), em Porto Alegre, em manter a condena\u00e7\u00e3o e ampliar a pena do ex-presidente Luiz In\u00e1cio Lula da Silva no caso do triplex em Guaruj\u00e1 (SP) ganhou as capas dos principais jornais do mundo nesta quarta-feira (24). O jornal italiano\u00a0Corriere &hellip;<\/p>\n","protected":false},"author":3,"featured_media":13407,"comment_status":"open","ping_status":"open","sticky":false,"template":"","format":"standard","meta":{"_exactmetrics_skip_tracking":false,"_exactmetrics_sitenote_active":false,"_exactmetrics_sitenote_note":"","_exactmetrics_sitenote_category":0,"footnotes":""},"categories":[4],"tags":[],"_links":{"self":[{"href":"https:\/\/goiasemtempo.com.br\/home\/wp-json\/wp\/v2\/posts\/13406"}],"collection":[{"href":"https:\/\/goiasemtempo.com.br\/home\/wp-json\/wp\/v2\/posts"}],"about":[{"href":"https:\/\/goiasemtempo.com.br\/home\/wp-json\/wp\/v2\/types\/post"}],"author":[{"embeddable":true,"href":"https:\/\/goiasemtempo.com.br\/home\/wp-json\/wp\/v2\/users\/3"}],"replies":[{"embeddable":true,"href":"https:\/\/goiasemtempo.com.br\/home\/wp-json\/wp\/v2\/comments?post=13406"}],"version-history":[{"count":1,"href":"https:\/\/goiasemtempo.com.br\/home\/wp-json\/wp\/v2\/posts\/13406\/revisions"}],"predecessor-version":[{"id":13408,"href":"https:\/\/goiasemtempo.com.br\/home\/wp-json\/wp\/v2\/posts\/13406\/revisions\/13408"}],"wp:featuredmedia":[{"embeddable":true,"href":"https:\/\/goiasemtempo.com.br\/home\/wp-json\/wp\/v2\/media\/13407"}],"wp:attachment":[{"href":"https:\/\/goiasemtempo.com.br\/home\/wp-json\/wp\/v2\/media?parent=13406"}],"wp:term":[{"taxonomy":"category","embeddable":true,"href":"https:\/\/goiasemtempo.com.br\/home\/wp-json\/wp\/v2\/categories?post=13406"},{"taxonomy":"post_tag","embeddable":true,"href":"https:\/\/goiasemtempo.com.br\/home\/wp-json\/wp\/v2\/tags?post=13406"}],"curies":[{"name":"wp","href":"https:\/\/api.w.org\/{rel}","templated":true}]}}