{"id":13235,"date":"2018-01-23T10:24:14","date_gmt":"2018-01-23T10:24:14","guid":{"rendered":"https:\/\/goiasemtempo.com.br\/home\/?p=13235"},"modified":"2018-01-23T10:24:14","modified_gmt":"2018-01-23T10:24:14","slug":"sp-inaugura-estacao-da-linha-amarela-com-quatro-anos-de-atraso","status":"publish","type":"post","link":"https:\/\/goiasemtempo.com.br\/home\/sp-inaugura-estacao-da-linha-amarela-com-quatro-anos-de-atraso\/","title":{"rendered":"SP inaugura esta\u00e7\u00e3o da linha Amarela com quatro anos de atraso"},"content":{"rendered":"<p>Com quatro anos de atraso, o governador de S\u00e3o Paulo, Geraldo Alckmin (PSDB), entrega nesta ter\u00e7a-feira a esta\u00e7\u00e3o Higien\u00f3polis-Mackenzie, da linha 4-amarela de metr\u00f4\u00a0da capital paulista.<\/p>\n<p>Outras duas esta\u00e7\u00f5es da linha devem ser entregues em mar\u00e7o e julho deste ano, a Oscar Freire e a S\u00e3o Paulo-Morumbi, respectivamente.<\/p>\n<p>Com elas, ficar\u00e1 faltando apenas a Vila S\u00f4nia, prevista para 2019, para que toda a linha 4-amarela, primeira parceria p\u00fablico privada do Brasil, que foi anunciada em 2000, esteja pronta.<\/p>\n<p>At\u00e9 dia 3 de fevereiro, a esta\u00e7\u00e3o funcionar\u00e1 entre as 10h e 15h, passando a operar normalmente a partir de ent\u00e3o. A linha 4-amarela \u00e9 concess\u00e3o do Grupo Via Quatro.<\/p>\n<p>O estir\u00e3o para inaugurar v\u00e1rias esta\u00e7\u00f5es em um curto espa\u00e7o de tempo n\u00e3o \u00e9 coincid\u00eancia. 2018 \u00e9 ano eleitoral e Alckmin pretende ser o candidato do PSDB ao Planalto.<\/p>\n<p>A \u00faltima esta\u00e7\u00e3o da linha 4-amarela a ser inaugurada, tamb\u00e9m n\u00e3o por coincid\u00eancia, foi a Fradique Coutinho, em 2014, ano em que o governador concorreu \u00e0 reelei\u00e7\u00e3o.<\/p>\n<p>As esta\u00e7\u00f5es Paulista e Faria Lima, as primeiras, foram entregues no tamb\u00e9m ano eleitoral de 2010. Entre 2017 e meados de 2018, devem ser inauguradas 19 esta\u00e7\u00f5es de transporte p\u00fablico na capital paulistana.<\/p>\n<p>A inaugura\u00e7\u00e3o de obras faz parte da estrat\u00e9gia tucana \u2013 e de Alckmin \u2013 para fortalecer o nome no ano eleitoral. A poss\u00edvel candidatura do governador passa por um momento de tens\u00e3o interna.<\/p>\n<p>Depois das tentativas minadas do ex-aliado e prefeito de S\u00e3o Paulo Jo\u00e3o Doria de tomar o posto, no in\u00edcio do ano, o tucano\u00a0mais influente, o ex-presidente Fernando Henrique Cardoso, questionou a viabilidade do governador ao dizer que ele precisa provar que pode unir o centro do espectro pol\u00edtico e indicar que poderia apoiar um nome de outra sigla na disputa.<\/p>\n","protected":false},"excerpt":{"rendered":"<p>Com quatro anos de atraso, o governador de S\u00e3o Paulo, Geraldo Alckmin (PSDB), entrega nesta ter\u00e7a-feira a esta\u00e7\u00e3o Higien\u00f3polis-Mackenzie, da linha 4-amarela de metr\u00f4\u00a0da capital paulista. Outras duas esta\u00e7\u00f5es da linha devem ser entregues em mar\u00e7o e julho deste ano, a Oscar Freire e a S\u00e3o Paulo-Morumbi, respectivamente. Com elas, ficar\u00e1 faltando apenas a Vila &hellip;<\/p>\n","protected":false},"author":3,"featured_media":13236,"comment_status":"open","ping_status":"open","sticky":false,"template":"","format":"standard","meta":{"_exactmetrics_skip_tracking":false,"_exactmetrics_sitenote_active":false,"_exactmetrics_sitenote_note":"","_exactmetrics_sitenote_category":0,"footnotes":""},"categories":[7],"tags":[],"_links":{"self":[{"href":"https:\/\/goiasemtempo.com.br\/home\/wp-json\/wp\/v2\/posts\/13235"}],"collection":[{"href":"https:\/\/goiasemtempo.com.br\/home\/wp-json\/wp\/v2\/posts"}],"about":[{"href":"https:\/\/goiasemtempo.com.br\/home\/wp-json\/wp\/v2\/types\/post"}],"author":[{"embeddable":true,"href":"https:\/\/goiasemtempo.com.br\/home\/wp-json\/wp\/v2\/users\/3"}],"replies":[{"embeddable":true,"href":"https:\/\/goiasemtempo.com.br\/home\/wp-json\/wp\/v2\/comments?post=13235"}],"version-history":[{"count":1,"href":"https:\/\/goiasemtempo.com.br\/home\/wp-json\/wp\/v2\/posts\/13235\/revisions"}],"predecessor-version":[{"id":13237,"href":"https:\/\/goiasemtempo.com.br\/home\/wp-json\/wp\/v2\/posts\/13235\/revisions\/13237"}],"wp:featuredmedia":[{"embeddable":true,"href":"https:\/\/goiasemtempo.com.br\/home\/wp-json\/wp\/v2\/media\/13236"}],"wp:attachment":[{"href":"https:\/\/goiasemtempo.com.br\/home\/wp-json\/wp\/v2\/media?parent=13235"}],"wp:term":[{"taxonomy":"category","embeddable":true,"href":"https:\/\/goiasemtempo.com.br\/home\/wp-json\/wp\/v2\/categories?post=13235"},{"taxonomy":"post_tag","embeddable":true,"href":"https:\/\/goiasemtempo.com.br\/home\/wp-json\/wp\/v2\/tags?post=13235"}],"curies":[{"name":"wp","href":"https:\/\/api.w.org\/{rel}","templated":true}]}}