{"id":13097,"date":"2018-01-22T02:20:15","date_gmt":"2018-01-22T02:20:15","guid":{"rendered":"https:\/\/goiasemtempo.com.br\/home\/?p=13097"},"modified":"2018-01-22T02:20:15","modified_gmt":"2018-01-22T02:20:15","slug":"documentos-apontam-que-recursos-da-saneago-bancaram-comite-de-campanha-de-marconi-perillo","status":"publish","type":"post","link":"https:\/\/goiasemtempo.com.br\/home\/documentos-apontam-que-recursos-da-saneago-bancaram-comite-de-campanha-de-marconi-perillo\/","title":{"rendered":"Documentos apontam que recursos da Saneago bancaram comit\u00ea de campanha de Marconi Perillo"},"content":{"rendered":"<div class=\"text\">\n<div class=\"detail-content show-link\">\n<p>Documentos da Opera\u00e7\u00e3o Decanta\u00e7\u00e3o.deflagrada em 2016, apontam que recursos da Saneago eram desviados para fins pol\u00edticos, como a montagem de comit\u00eas de campanha de Marconi Perillo(PSDB), voos cedidos ao vice-governador Jos\u00e9 Eliton (PSDB), pagamentos para pol\u00edticos e partidos, caixa 2, mesadas, trocas de favores e compras de presentes. As informa\u00e7\u00f5es s\u00e3o do jornal O Popular.<\/p>\n<p>A investiga\u00e7\u00e3o reuniu depoimentos, grava\u00e7\u00f5es telef\u00f4nicas, mensagens de WhatsApp e an\u00e1lise parcial do material apreendido na \u00e9poca. Mensagens no celular do dono da Sanefer, Carlos Eduardo Pereira da Costa, mostram que ele cedia voos para Jos\u00e9 Eliton e para o chefe de gabinete do governador Marconi Perillo, Luiz Alberto de Oliveira, participar de eventos pol\u00edticos no interior do Estado, em 2016.<\/p>\n<p>Entre os documentos apreendidos na Opera\u00e7\u00e3o, h\u00e1 of\u00edcios sobre gastos com presentes de casamento e formatura autorizados por Marconi Perillo. Depoimentos de dois ex-servidores relatam ainda que a Saneago utilizou recursos para a montagem do comit\u00ea central de campanha de Marconi Perillo \u00e0 reelei\u00e7\u00e3o, em 2014.<\/p>\n<p>Ao O Popular, o governador, por meio de sua assessoria de imprensa, afirmou que tem \u201cabsoluto desconhecimento\u201d dos fatos relacionados a suspeita de uso de recursos da Saneago para montagem de comit\u00eas de campanha e que tamb\u00e9m \u201cdesconhece completamente\u201d a exist\u00eancia dos of\u00edcios que tratam de presentes de casamento e formatura. \u201cTamb\u00e9m n\u00e3o o autorizaria a menos que estritamente feita na forma da lei\u201d, disse.<\/p>\n<p>J\u00e1 a assessoria de Jos\u00e9 Eliton diz que o vice-governador tem \u201crela\u00e7\u00e3o social de muito tempo\u201d com o empres\u00e1rio Carlos Eduardo Pereira Costa, mas que ele jamais recebeu favores dele e que recursos da Sanafer jamais bancaram suas viagens. Disse ainda que \u201cutilizou, por algumas vezes, aeronaves de pessoas de sua rela\u00e7\u00e3o ou contratadas por empresas de t\u00e1xi-a\u00e9reo, devidamente registradas, e com comprovantes de pagamentos efetuados, o que \u00e9 absolutamente ilegal.\u201d<\/p>\n<\/div>\n<\/div>\n","protected":false},"excerpt":{"rendered":"<p>Documentos da Opera\u00e7\u00e3o Decanta\u00e7\u00e3o.deflagrada em 2016, apontam que recursos da Saneago eram desviados para fins pol\u00edticos, como a montagem de comit\u00eas de campanha de Marconi Perillo(PSDB), voos cedidos ao vice-governador Jos\u00e9 Eliton (PSDB), pagamentos para pol\u00edticos e partidos, caixa 2, mesadas, trocas de favores e compras de presentes. As informa\u00e7\u00f5es s\u00e3o do jornal O Popular. &hellip;<\/p>\n","protected":false},"author":3,"featured_media":13098,"comment_status":"open","ping_status":"open","sticky":false,"template":"","format":"standard","meta":{"footnotes":""},"categories":[4],"tags":[],"class_list":["post-13097","post","type-post","status-publish","format-standard","has-post-thumbnail","hentry","category-ultimas-noticias"],"_links":{"self":[{"href":"https:\/\/goiasemtempo.com.br\/home\/wp-json\/wp\/v2\/posts\/13097","targetHints":{"allow":["GET"]}}],"collection":[{"href":"https:\/\/goiasemtempo.com.br\/home\/wp-json\/wp\/v2\/posts"}],"about":[{"href":"https:\/\/goiasemtempo.com.br\/home\/wp-json\/wp\/v2\/types\/post"}],"author":[{"embeddable":true,"href":"https:\/\/goiasemtempo.com.br\/home\/wp-json\/wp\/v2\/users\/3"}],"replies":[{"embeddable":true,"href":"https:\/\/goiasemtempo.com.br\/home\/wp-json\/wp\/v2\/comments?post=13097"}],"version-history":[{"count":1,"href":"https:\/\/goiasemtempo.com.br\/home\/wp-json\/wp\/v2\/posts\/13097\/revisions"}],"predecessor-version":[{"id":13099,"href":"https:\/\/goiasemtempo.com.br\/home\/wp-json\/wp\/v2\/posts\/13097\/revisions\/13099"}],"wp:featuredmedia":[{"embeddable":true,"href":"https:\/\/goiasemtempo.com.br\/home\/wp-json\/wp\/v2\/media\/13098"}],"wp:attachment":[{"href":"https:\/\/goiasemtempo.com.br\/home\/wp-json\/wp\/v2\/media?parent=13097"}],"wp:term":[{"taxonomy":"category","embeddable":true,"href":"https:\/\/goiasemtempo.com.br\/home\/wp-json\/wp\/v2\/categories?post=13097"},{"taxonomy":"post_tag","embeddable":true,"href":"https:\/\/goiasemtempo.com.br\/home\/wp-json\/wp\/v2\/tags?post=13097"}],"curies":[{"name":"wp","href":"https:\/\/api.w.org\/{rel}","templated":true}]}}