{"id":12983,"date":"2018-01-20T05:16:55","date_gmt":"2018-01-20T05:16:55","guid":{"rendered":"https:\/\/goiasemtempo.com.br\/home\/?p=12983"},"modified":"2018-01-20T05:16:55","modified_gmt":"2018-01-20T05:16:55","slug":"sobe-para-36-o-numero-de-mortes-por-febre-amarela-no-estado-de-sao-paulo","status":"publish","type":"post","link":"https:\/\/goiasemtempo.com.br\/home\/sobe-para-36-o-numero-de-mortes-por-febre-amarela-no-estado-de-sao-paulo\/","title":{"rendered":"Sobe para 36 o n\u00famero de mortes por febre amarela no Estado de S\u00e3o Paulo"},"content":{"rendered":"<p>S\u00c3O PAULO &#8211; O n\u00famero de mortes confirmadas por febre amarela no Estado de S\u00e3o Paulo subiu para 36, segundo boletim divulgado pela Secretaria Estadual da Sa\u00fade no in\u00edcio da noite desta sexta-feira, 19. O n\u00famero \u00e9 71% maior do que o registrado no balan\u00e7o da semana passada, quando a pasta contabilizava 21 \u00f3bitos. O balan\u00e7o se refere aos registros da doen\u00e7a de janeiro de 2017 at\u00e9 agora.<\/p>\n<p>O n\u00famero de casos da doen\u00e7a tamb\u00e9m aumentou, passando de 40 para 81 no mesmo per\u00edodo. O munic\u00edpio de Mairipor\u00e3, na regi\u00e3o metropolitana de S\u00e3o Paulo, registrou mais da metade de todos os casos do Estado &#8211; 41, dos quais 14 evolu\u00edram para \u00f3bito. A cidade vizinha Atibaia \u00e9 a segunda com o maior n\u00famero de registros da doen\u00e7a (9), seguida por Amparo (5).<\/p>\n<p>Juntos, os tr\u00eas munic\u00edpios concentram dois ter\u00e7os de todos os casos e \u00f3bitos registrados no Estado desde o ano passado. Outros 17 munic\u00edpios tamb\u00e9m confirmaram infec\u00e7\u00f5es de pacientes. A capital paulista n\u00e3o tem casos aut\u00f3ctones (de transmiss\u00e3o interna) confirmados.<\/p>\n<p><strong>Rea\u00e7\u00e3o. <\/strong>A Secretaria Estadual da Sa\u00fade tamb\u00e9m informou que tr\u00eas pessoas morreram por rea\u00e7\u00e3o \u00e0 vacina da febre amarela desde o in\u00edcio do ano passado &#8211; duas na capital e uma em Mat\u00e3o, na regi\u00e3o de S\u00e3o Jos\u00e9 do Rio Preto, interior do Estado. Outros seis casos de \u00f3bito por rea\u00e7\u00e3o vacinal est\u00e3o em investiga\u00e7\u00e3o.<\/p>\n<p>Embora rara, a rea\u00e7\u00e3o \u00e0 vacina pode ocorrer porque o imunizante \u00e9 feito com o v\u00edrus vivo atenuado. Nas rea\u00e7\u00f5es graves, que tem incid\u00eancia de 1 caso a cada 500 mil pessoas vacinadas, o paciente pode desenvolver a doen\u00e7a viscerotr\u00f3pica aguda, que leva a uma disfun\u00e7\u00e3o aguda de m\u00faltiplos \u00f3rg\u00e3os.<\/p>\n<p>Tem maior risco de desenvolver a rea\u00e7\u00e3o idosos, gestantes e pessoas com o sistema imunol\u00f3gico enfraquecido. Mas o epis\u00f3dio pode acometer tamb\u00e9m pessoas de fora desse grupo, caso das tr\u00eas mortes contabilizadas, nas quais as v\u00edtimas foram pessoas com menos de 60 anos, sem registro de doen\u00e7as pr\u00e9vias, de acordo com a secretaria.<\/p>\n<p>&#8220;Justamente pelo perfil da vacina, a imuniza\u00e7\u00e3o \u00e9 indicada apenas para quem precisa, considerando-se o risco de exposi\u00e7\u00e3o \u00e0 febre amarela. Portanto, em locais urbanos, onde n\u00e3o h\u00e1 transmiss\u00e3o, n\u00e3o h\u00e1 motivo para expor a popula\u00e7\u00e3o a um risco desnecess\u00e1rio&#8221;, destacou o \u00f3rg\u00e3o, em nota.<\/p>\n","protected":false},"excerpt":{"rendered":"<p>S\u00c3O PAULO &#8211; O n\u00famero de mortes confirmadas por febre amarela no Estado de S\u00e3o Paulo subiu para 36, segundo boletim divulgado pela Secretaria Estadual da Sa\u00fade no in\u00edcio da noite desta sexta-feira, 19. O n\u00famero \u00e9 71% maior do que o registrado no balan\u00e7o da semana passada, quando a pasta contabilizava 21 \u00f3bitos. O &hellip;<\/p>\n","protected":false},"author":3,"featured_media":12984,"comment_status":"open","ping_status":"open","sticky":false,"template":"","format":"standard","meta":{"_exactmetrics_skip_tracking":false,"_exactmetrics_sitenote_active":false,"_exactmetrics_sitenote_note":"","_exactmetrics_sitenote_category":0,"footnotes":""},"categories":[4],"tags":[],"_links":{"self":[{"href":"https:\/\/goiasemtempo.com.br\/home\/wp-json\/wp\/v2\/posts\/12983"}],"collection":[{"href":"https:\/\/goiasemtempo.com.br\/home\/wp-json\/wp\/v2\/posts"}],"about":[{"href":"https:\/\/goiasemtempo.com.br\/home\/wp-json\/wp\/v2\/types\/post"}],"author":[{"embeddable":true,"href":"https:\/\/goiasemtempo.com.br\/home\/wp-json\/wp\/v2\/users\/3"}],"replies":[{"embeddable":true,"href":"https:\/\/goiasemtempo.com.br\/home\/wp-json\/wp\/v2\/comments?post=12983"}],"version-history":[{"count":1,"href":"https:\/\/goiasemtempo.com.br\/home\/wp-json\/wp\/v2\/posts\/12983\/revisions"}],"predecessor-version":[{"id":12985,"href":"https:\/\/goiasemtempo.com.br\/home\/wp-json\/wp\/v2\/posts\/12983\/revisions\/12985"}],"wp:featuredmedia":[{"embeddable":true,"href":"https:\/\/goiasemtempo.com.br\/home\/wp-json\/wp\/v2\/media\/12984"}],"wp:attachment":[{"href":"https:\/\/goiasemtempo.com.br\/home\/wp-json\/wp\/v2\/media?parent=12983"}],"wp:term":[{"taxonomy":"category","embeddable":true,"href":"https:\/\/goiasemtempo.com.br\/home\/wp-json\/wp\/v2\/categories?post=12983"},{"taxonomy":"post_tag","embeddable":true,"href":"https:\/\/goiasemtempo.com.br\/home\/wp-json\/wp\/v2\/tags?post=12983"}],"curies":[{"name":"wp","href":"https:\/\/api.w.org\/{rel}","templated":true}]}}