{"id":12938,"date":"2018-01-19T21:57:44","date_gmt":"2018-01-19T21:57:44","guid":{"rendered":"https:\/\/goiasemtempo.com.br\/home\/?p=12938"},"modified":"2018-01-19T21:57:44","modified_gmt":"2018-01-19T21:57:44","slug":"parlamento-catalao-volta-a-funcionar-com-separatistas-na-presidencia","status":"publish","type":"post","link":"https:\/\/goiasemtempo.com.br\/home\/parlamento-catalao-volta-a-funcionar-com-separatistas-na-presidencia\/","title":{"rendered":"Parlamento catal\u00e3o volta a funcionar com separatistas na presid\u00eancia"},"content":{"rendered":"<p>Na primeira sess\u00e3o desde a frustrada tentativa de independ\u00eancia da Espanha em 27 de outubro passado, os separatistas conseguiram conservar a presid\u00eancia do Parlamento catal\u00e3o, nesta quarta-feira (17), \u00f3rg\u00e3o que deve eleger o presidente regional nos pr\u00f3ximos dias.<\/p>\n<p>Do lado de fora do pr\u00e9dio, blindado por motivos de seguran\u00e7a, centenas de militantes separatistas se reuniram para acompanhar a retomada das atividades legislativas.<\/p>\n<p>Em um Parlamento com oito cadeiras vazias, Roger Torrent, de 38 anos, do partido Esquerda Republicana da Catalunha (ERC, na sigla em espanhol), foi escolhido para dirigir a C\u00e2mara por 65 votos contra os 56 para seu opositor. Al\u00e9m disso, os separatistas conseguiram controlar a mesa do Parlamento, ocupando quatro dos sete cargos.<\/p>\n<p>Dos oito deputados ausentes, cinco est\u00e3o na B\u00e9lgica, entre eles o l\u00edder Carles Puigdemont, e tr\u00eas, detidos em Madri. Na C\u00e2mara, quatro grandes la\u00e7os amarelos simbolizavam o protesto contra a situa\u00e7\u00e3o dos pol\u00edticos presos e pelo fim da persegui\u00e7\u00e3o judicial contra seus l\u00edderes.<\/p>\n<p>Em outubro, a C\u00e2mara foi dissolvida apenas horas depois de ter aprovado, em uma vota\u00e7\u00e3o acompanhada por toda Europa, uma declara\u00e7\u00e3o unilateral de independ\u00eancia. Nesse mesmo dia, o governo Rajoy assumiu o controle da regi\u00e3o, destituiu o Executivo de Puigdemont e convocou novas elei\u00e7\u00f5es para 21 de dezembro.<\/p>\n<p>Apesar do grande n\u00famero de candidatos presos, ou no exterior, os separatistas renovaram sua maioria parlamentar com 70 cadeiras de 135, atingindo 47,5% dos votos.<\/p>\n<p>&#8211; Candidato Puigdemont &#8211;<\/p>\n<p>At\u00e9 31 de janeiro, a Casa tamb\u00e9m dever\u00e1 decidir se permitir\u00e1 a posse de Puigdemont a dist\u00e2ncia, por videoconfer\u00eancia, ou por meio de um discurso lido por outro deputado.<\/p>\n<p>Esse arranjo \u00e9 fortemente repudiado pelo governo espanhol do conservador Mariano Rajoy, que j\u00e1 advertiu que n\u00e3o permitir\u00e1 que o catal\u00e3o presida, do exterior, essa regi\u00e3o de 7,5 milh\u00f5es de habitantes.<\/p>\n<p>Os dois principais partidos separatistas &#8211; Juntos pela Catalunha, de Puigdemont, e Esquerda Republicana da Catalunha &#8211; anunciaram um acordo para devolver Puigdemont ao cargo, mas ainda detalharam como v\u00e3o fazer isso.<\/p>\n<p>Al\u00e9m disso, com oito deputados sem capacidade de assistir ao debate, a maioria parlamentar dos separatistas n\u00e3o est\u00e1 assegurada.<\/p>\n<p>Hoje, ap\u00f3s autoriza\u00e7\u00e3o judicial, conseguiram salvar a situa\u00e7\u00e3o, permitindo a delega\u00e7\u00e3o do voto dos tr\u00eas deputados detidos. O artif\u00edcio irritou os partidos de oposi\u00e7\u00e3o, entre eles o antinacionalista de direita Cidad\u00e3os. A legenda venceu as elei\u00e7\u00f5es de dezembro, mas n\u00e3o tem apoio suficientes para formar governo.<\/p>\n<p>N\u00e3o se pode come\u00e7ar errado. N\u00e3o se pode come\u00e7ar pulando as regras do Parlamento, disse a l\u00edder do Cidad\u00e3os na Catalunha, In\u00e9s Arrimadas.<\/p>\n<p>&#8211; Di\u00e1logo e consenso &#8211;<\/p>\n<p>O primeiro discurso de Torrent, prefeito de uma localidade perto de Girona, um reduto nacionalista, representou uma mudan\u00e7a de tom em rela\u00e7\u00e3o \u00e0 tens\u00e3o dos \u00faltimos meses.<\/p>\n<p>Ele se comprometeu a buscar di\u00e1logo e consenso, evitou refer\u00eancias diretas \u00e0 declara\u00e7\u00e3o de independ\u00eancia e insistiu na pluralidade da sociedade catal\u00e3.<\/p>\n<p>Nesta c\u00e2mara, h\u00e1 135 vozes, e hei de defender todas: as que est\u00e3o aqui hoje e as que n\u00e3o podem estar, garantiu, denunciando a aus\u00eancia de seus companheiros.<\/p>\n<p>Nos pr\u00f3ximos dias, ele deve se reunir com os diferentes grupos para designar um candidato a presidente. Segundo a oposi\u00e7\u00e3o e os servi\u00e7os jur\u00eddicos da Casa, este deve assistir \u00e0 plen\u00e1ria para ser eleito.<\/p>\n<p>O Juntos pela Catalunha insiste em que n\u00e3o h\u00e1 plano B para a posse de seu l\u00edder, ainda que esse cen\u00e1rio leve a um bloqueio pol\u00edtico e \u00e0 manuten\u00e7\u00e3o da interven\u00e7\u00e3o de Madri sobre a regi\u00e3o.<\/p>\n<p>N\u00e3o h\u00e1 nada que fa\u00e7a pensar que n\u00e3o continuaremos mergulhados em uma situa\u00e7\u00e3o de conflito institucional, diz o fil\u00f3logo e colunista Jordi Amat, autor de v\u00e1rios livros sobre esse conflito.<\/p>\n","protected":false},"excerpt":{"rendered":"<p>Na primeira sess\u00e3o desde a frustrada tentativa de independ\u00eancia da Espanha em 27 de outubro passado, os separatistas conseguiram conservar a presid\u00eancia do Parlamento catal\u00e3o, nesta quarta-feira (17), \u00f3rg\u00e3o que deve eleger o presidente regional nos pr\u00f3ximos dias. Do lado de fora do pr\u00e9dio, blindado por motivos de seguran\u00e7a, centenas de militantes separatistas se reuniram &hellip;<\/p>\n","protected":false},"author":2,"featured_media":12044,"comment_status":"open","ping_status":"open","sticky":false,"template":"","format":"standard","meta":{"footnotes":""},"categories":[4],"tags":[],"class_list":["post-12938","post","type-post","status-publish","format-standard","has-post-thumbnail","hentry","category-ultimas-noticias"],"_links":{"self":[{"href":"https:\/\/goiasemtempo.com.br\/home\/wp-json\/wp\/v2\/posts\/12938","targetHints":{"allow":["GET"]}}],"collection":[{"href":"https:\/\/goiasemtempo.com.br\/home\/wp-json\/wp\/v2\/posts"}],"about":[{"href":"https:\/\/goiasemtempo.com.br\/home\/wp-json\/wp\/v2\/types\/post"}],"author":[{"embeddable":true,"href":"https:\/\/goiasemtempo.com.br\/home\/wp-json\/wp\/v2\/users\/2"}],"replies":[{"embeddable":true,"href":"https:\/\/goiasemtempo.com.br\/home\/wp-json\/wp\/v2\/comments?post=12938"}],"version-history":[{"count":1,"href":"https:\/\/goiasemtempo.com.br\/home\/wp-json\/wp\/v2\/posts\/12938\/revisions"}],"predecessor-version":[{"id":12939,"href":"https:\/\/goiasemtempo.com.br\/home\/wp-json\/wp\/v2\/posts\/12938\/revisions\/12939"}],"wp:featuredmedia":[{"embeddable":true,"href":"https:\/\/goiasemtempo.com.br\/home\/wp-json\/wp\/v2\/media\/12044"}],"wp:attachment":[{"href":"https:\/\/goiasemtempo.com.br\/home\/wp-json\/wp\/v2\/media?parent=12938"}],"wp:term":[{"taxonomy":"category","embeddable":true,"href":"https:\/\/goiasemtempo.com.br\/home\/wp-json\/wp\/v2\/categories?post=12938"},{"taxonomy":"post_tag","embeddable":true,"href":"https:\/\/goiasemtempo.com.br\/home\/wp-json\/wp\/v2\/tags?post=12938"}],"curies":[{"name":"wp","href":"https:\/\/api.w.org\/{rel}","templated":true}]}}