{"id":12869,"date":"2018-01-19T21:36:04","date_gmt":"2018-01-19T21:36:04","guid":{"rendered":"https:\/\/goiasemtempo.com.br\/home\/?p=12869"},"modified":"2018-01-19T21:36:04","modified_gmt":"2018-01-19T21:36:04","slug":"novo-presidente-da-eurozona-quer-iniciar-reformas-em-junho","status":"publish","type":"post","link":"https:\/\/goiasemtempo.com.br\/home\/novo-presidente-da-eurozona-quer-iniciar-reformas-em-junho\/","title":{"rendered":"Novo presidente da eurozona quer iniciar reformas em junho"},"content":{"rendered":"<p>O novo presidente do Eurogrupo, o portugu\u00eas Mario Centeno, espera poder iniciar a reforma da zona do euro a partir de junho, segundo indicou em uma entrevista publicada nesta quarta-feira pelo jornal econ\u00f4mico alem\u00e3o Handelsblatt.<\/p>\n<p>Em junho, deveremos estar preparados para tomar decis\u00f5es depois do estabelecimento de um cronograma de reformas, afirmou o ministro das Finan\u00e7as portugu\u00eas.<\/p>\n<p>Segundo ele, as circunst\u00e2ncias nunca foram t\u00e3o favor\u00e1veis \u200b\u200bpara avan\u00e7ar rapidamente nas reformas. Existem importantes Estados europeus que acabaram de realizar elei\u00e7\u00f5es e come\u00e7am novas legislaturas, com a economia crescendo em todos os pa\u00edses e d\u00e9ficits or\u00e7ament\u00e1rios retrocedendo, afirmou.<\/p>\n<p>Centeno, eleito em dezembro pra um mandato de dois anos como chefe do Eurogrupo &#8211; o \u00f3rg\u00e3o que re\u00fane os ministros das Finan\u00e7as e da Economia da zona do euro &#8211; acredita que o recente acordo para formar um governo na Alemanha inclui sinais positivos para a pol\u00edtica europeia.<\/p>\n<p>O apoio \u00e0 integra\u00e7\u00e3o europeia continua alto entre os cidad\u00e3os, uma oportunidade \u00fanica a ser aproveitada, segundo Centeno.<\/p>\n<p>No entanto, os 19 pa\u00edses membros da zona do euro continuam divididos sobre o alcance das reformas.<\/p>\n<p>Os pa\u00edses do norte, como Holanda e Alemanha, relutam em mutualizar a riqueza com os pa\u00edses do sul, como Fran\u00e7a, It\u00e1lia ou Espanha, porque consideram que n\u00e3o s\u00e3o rigorosos em suas pol\u00edticas fiscais.<\/p>\n<p>Entre as quest\u00f5es mais controversas est\u00e3o a cria\u00e7\u00e3o de um or\u00e7amento comum para a zona euro, principal proposta do presidente franc\u00eas, Emmanuel Macron.<\/p>\n<p>Mario Centeno tamb\u00e9m quer lan\u00e7ar o sistema europeu de garantia de dep\u00f3sitos, o terceiro e \u00faltimo pilar da reforma banc\u00e1ria proposta por Bruxelas.<\/p>\n","protected":false},"excerpt":{"rendered":"<p>O novo presidente do Eurogrupo, o portugu\u00eas Mario Centeno, espera poder iniciar a reforma da zona do euro a partir de junho, segundo indicou em uma entrevista publicada nesta quarta-feira pelo jornal econ\u00f4mico alem\u00e3o Handelsblatt. Em junho, deveremos estar preparados para tomar decis\u00f5es depois do estabelecimento de um cronograma de reformas, afirmou o ministro das &hellip;<\/p>\n","protected":false},"author":2,"featured_media":12010,"comment_status":"open","ping_status":"open","sticky":false,"template":"","format":"standard","meta":{"footnotes":""},"categories":[4],"tags":[],"class_list":["post-12869","post","type-post","status-publish","format-standard","has-post-thumbnail","hentry","category-ultimas-noticias"],"_links":{"self":[{"href":"https:\/\/goiasemtempo.com.br\/home\/wp-json\/wp\/v2\/posts\/12869","targetHints":{"allow":["GET"]}}],"collection":[{"href":"https:\/\/goiasemtempo.com.br\/home\/wp-json\/wp\/v2\/posts"}],"about":[{"href":"https:\/\/goiasemtempo.com.br\/home\/wp-json\/wp\/v2\/types\/post"}],"author":[{"embeddable":true,"href":"https:\/\/goiasemtempo.com.br\/home\/wp-json\/wp\/v2\/users\/2"}],"replies":[{"embeddable":true,"href":"https:\/\/goiasemtempo.com.br\/home\/wp-json\/wp\/v2\/comments?post=12869"}],"version-history":[{"count":1,"href":"https:\/\/goiasemtempo.com.br\/home\/wp-json\/wp\/v2\/posts\/12869\/revisions"}],"predecessor-version":[{"id":12870,"href":"https:\/\/goiasemtempo.com.br\/home\/wp-json\/wp\/v2\/posts\/12869\/revisions\/12870"}],"wp:featuredmedia":[{"embeddable":true,"href":"https:\/\/goiasemtempo.com.br\/home\/wp-json\/wp\/v2\/media\/12010"}],"wp:attachment":[{"href":"https:\/\/goiasemtempo.com.br\/home\/wp-json\/wp\/v2\/media?parent=12869"}],"wp:term":[{"taxonomy":"category","embeddable":true,"href":"https:\/\/goiasemtempo.com.br\/home\/wp-json\/wp\/v2\/categories?post=12869"},{"taxonomy":"post_tag","embeddable":true,"href":"https:\/\/goiasemtempo.com.br\/home\/wp-json\/wp\/v2\/tags?post=12869"}],"curies":[{"name":"wp","href":"https:\/\/api.w.org\/{rel}","templated":true}]}}