{"id":12860,"date":"2018-01-19T21:32:53","date_gmt":"2018-01-19T21:32:53","guid":{"rendered":"https:\/\/goiasemtempo.com.br\/home\/?p=12860"},"modified":"2018-01-19T21:32:53","modified_gmt":"2018-01-19T21:32:53","slug":"apple-diz-que-contribuira-com-us-350-bilhoes-a-economia-dos-eua-em-5-anos","status":"publish","type":"post","link":"https:\/\/goiasemtempo.com.br\/home\/apple-diz-que-contribuira-com-us-350-bilhoes-a-economia-dos-eua-em-5-anos\/","title":{"rendered":"Apple diz que contribuir\u00e1 com US$ 350 bilh\u00f5es \u00e0 economia dos EUA em 5 anos"},"content":{"rendered":"<p>Nova York, 17 jan (EFE).- A Apple anunciou nesta quinta-feira que nos pr\u00f3ximos cinco anos contribuir\u00e1 com US$ 350 bilh\u00f5es \u00e0 economia dos Estados Unidos e criar\u00e1 20 mil empregos no pa\u00eds.<\/p>\n<p>Em comunicado, a empresa fundada por Steve Jobs explicou as \u00e1reas nas quais investir\u00e1 nos pr\u00f3ximos anos e qual ser\u00e1 o impacto econ\u00f4mico de suas movimenta\u00e7\u00f5es nos diversos setores da economia.<\/p>\n<p>Os US$ 350 bilh\u00f5es que a Apple injetar\u00e1 na economia americana incluem tanto investimentos novos como pagamentos aos fornecedores locais com os quais a empresa j\u00e1 trabalha.<\/p>\n<p>O valor n\u00e3o inclui os impostos que ser\u00e3o pagos pela empresa.<\/p>\n<p>Segundo dados da pr\u00f3pria Apple, a empresa j\u00e1 criou 2 milh\u00f5es de empregos nos EUA. Esperamos criar muitos mais como resultado das a\u00e7\u00f5es anunciadas hoje, diz a nota.<\/p>\n<p>Estamos focando nossos investimentos em \u00e1reas nas quais podemos ter um impacto direto na cria\u00e7\u00e3o de empregos e na prepara\u00e7\u00e3o trabalhista dos funcion\u00e1rios, disse o presidente-executivo da Apple, Tim Cook, no comunicado.<\/p>\n<p>Cook tamb\u00e9m revelou que a companhia repatriar\u00e1 parte do dinheiro que mant\u00e9m no exterior gra\u00e7as \u00e0 recente reforma fiscal aprovada pelo Congresso e pagar\u00e1 US$ 38 bilh\u00f5es em imposto.<\/p>\n<p>Um pagamento desse montante provavelmente seja o maior desse tipo que se tenha feito, disse a empresa em comunicado.<\/p>\n<p>O valor dos impostos que a Apple anunciou que pagar\u00e1 significa que, segundo a imprensa americana, a empresa repatriar\u00e1 cerca de US$ 250 bilh\u00f5es para o pa\u00eds.<\/p>\n<p>Os 20 mil novos empregos que a Apple anunciou que criar\u00e1 nos pr\u00f3ximos cinco anos ser\u00e3o para atuar em suas v\u00e1rias sedes e em um novo campus, que ainda n\u00e3o tem um lugar definido.<\/p>\n<p>Atualmente, a Apple emprega 84 mil pessoas s\u00f3 nos EUA. EFE<\/p>\n","protected":false},"excerpt":{"rendered":"<p>Nova York, 17 jan (EFE).- A Apple anunciou nesta quinta-feira que nos pr\u00f3ximos cinco anos contribuir\u00e1 com US$ 350 bilh\u00f5es \u00e0 economia dos Estados Unidos e criar\u00e1 20 mil empregos no pa\u00eds. Em comunicado, a empresa fundada por Steve Jobs explicou as \u00e1reas nas quais investir\u00e1 nos pr\u00f3ximos anos e qual ser\u00e1 o impacto econ\u00f4mico &hellip;<\/p>\n","protected":false},"author":2,"featured_media":12005,"comment_status":"open","ping_status":"open","sticky":false,"template":"","format":"standard","meta":{"footnotes":""},"categories":[4],"tags":[],"class_list":["post-12860","post","type-post","status-publish","format-standard","has-post-thumbnail","hentry","category-ultimas-noticias"],"_links":{"self":[{"href":"https:\/\/goiasemtempo.com.br\/home\/wp-json\/wp\/v2\/posts\/12860","targetHints":{"allow":["GET"]}}],"collection":[{"href":"https:\/\/goiasemtempo.com.br\/home\/wp-json\/wp\/v2\/posts"}],"about":[{"href":"https:\/\/goiasemtempo.com.br\/home\/wp-json\/wp\/v2\/types\/post"}],"author":[{"embeddable":true,"href":"https:\/\/goiasemtempo.com.br\/home\/wp-json\/wp\/v2\/users\/2"}],"replies":[{"embeddable":true,"href":"https:\/\/goiasemtempo.com.br\/home\/wp-json\/wp\/v2\/comments?post=12860"}],"version-history":[{"count":1,"href":"https:\/\/goiasemtempo.com.br\/home\/wp-json\/wp\/v2\/posts\/12860\/revisions"}],"predecessor-version":[{"id":12861,"href":"https:\/\/goiasemtempo.com.br\/home\/wp-json\/wp\/v2\/posts\/12860\/revisions\/12861"}],"wp:featuredmedia":[{"embeddable":true,"href":"https:\/\/goiasemtempo.com.br\/home\/wp-json\/wp\/v2\/media\/12005"}],"wp:attachment":[{"href":"https:\/\/goiasemtempo.com.br\/home\/wp-json\/wp\/v2\/media?parent=12860"}],"wp:term":[{"taxonomy":"category","embeddable":true,"href":"https:\/\/goiasemtempo.com.br\/home\/wp-json\/wp\/v2\/categories?post=12860"},{"taxonomy":"post_tag","embeddable":true,"href":"https:\/\/goiasemtempo.com.br\/home\/wp-json\/wp\/v2\/tags?post=12860"}],"curies":[{"name":"wp","href":"https:\/\/api.w.org\/{rel}","templated":true}]}}