{"id":12654,"date":"2018-01-19T18:36:03","date_gmt":"2018-01-19T18:36:03","guid":{"rendered":"https:\/\/goiasemtempo.com.br\/home\/?p=12654"},"modified":"2018-01-19T18:36:03","modified_gmt":"2018-01-19T18:36:03","slug":"febre-amarela-leva-mairipora-a-decretar-situacao-de-calamidade-publica","status":"publish","type":"post","link":"https:\/\/goiasemtempo.com.br\/home\/febre-amarela-leva-mairipora-a-decretar-situacao-de-calamidade-publica\/","title":{"rendered":"Febre amarela leva Mairipor\u00e3 a decretar situa\u00e7\u00e3o de calamidade p\u00fablica"},"content":{"rendered":"<p>A cidade de Mairipor\u00e3, na Grande S\u00e3o Paulo, decretou situa\u00e7\u00e3o de emerg\u00eancia e calamidade na sa\u00fade p\u00fablica por 180 dias, devido \u00e0 febre amarela que j\u00e1 causou a morte de 10 pessoas no munic\u00edpio. A prefeitura informou que divulgar\u00e1 hoje (17) a contagem de casos suspeitos, mas at\u00e9 o \u00faltimo s\u00e1bado (13) havia 42 pacientes. Foram recolhidos 230 macacos mortos, 97 deles com febre amarela confirmada.<\/p>\n<p>O decreto, publicado no \u00faltimo s\u00e1bado, permite contrata\u00e7\u00f5es emergenciais, a entrada for\u00e7ada em im\u00f3veis particulares para combate do criadouro de mosquitos e o remanejamento de servidores para atender \u00e0s demandas priorit\u00e1rias da Secretaria Municipal de Sa\u00fade.<\/p>\n<p>De acordo com a prefeitura, Mairipor\u00e3 atingiu alto \u00edndice de imuniza\u00e7\u00e3o \u2013 mais de 90% da popula\u00e7\u00e3o recebeu a vacina. Por isso, a cidade decidiu encerrar a vacina\u00e7\u00e3o feita durante 24 horas em um hospital e uma Unidade de Pronto-Atendimento da cidade.<\/p>\n<p>No estado de S\u00e3o Paulo, a meta \u00e9 atender a 8,3 milh\u00f5es de pessoas ainda n\u00e3o vacinadas. O in\u00edcio da campanha com vacinas fracionadas (subdivididas em at\u00e9 cinco partes, contendo 0,1 mililitros da vacina) foi antecipada para o pr\u00f3ximo dia 29 de janeiro.<\/p>\n<p>A campanha, que ocorre em 54 cidades paulistas, ser\u00e1 intensificada nos s\u00e1bados, dias 3 e 17 de fevereiro. A vacina fracionada tem efic\u00e1cia comprovada de pelo menos oito anos, diferente da dose padr\u00e3o que \u00e9 v\u00e1lida para a vida inteira. As carteiras de vacina\u00e7\u00e3o receber\u00e3o um selo para indicar que a dose aplicada foi fracionada.<\/p>\n<p>Edi\u00e7\u00e3o: Gra\u00e7a Adjuto<\/p>\n","protected":false},"excerpt":{"rendered":"<p>A cidade de Mairipor\u00e3, na Grande S\u00e3o Paulo, decretou situa\u00e7\u00e3o de emerg\u00eancia e calamidade na sa\u00fade p\u00fablica por 180 dias, devido \u00e0 febre amarela que j\u00e1 causou a morte de 10 pessoas no munic\u00edpio. A prefeitura informou que divulgar\u00e1 hoje (17) a contagem de casos suspeitos, mas at\u00e9 o \u00faltimo s\u00e1bado (13) havia 42 pacientes. &hellip;<\/p>\n","protected":false},"author":2,"featured_media":11950,"comment_status":"open","ping_status":"open","sticky":false,"template":"","format":"standard","meta":{"footnotes":""},"categories":[4],"tags":[],"class_list":["post-12654","post","type-post","status-publish","format-standard","has-post-thumbnail","hentry","category-ultimas-noticias"],"_links":{"self":[{"href":"https:\/\/goiasemtempo.com.br\/home\/wp-json\/wp\/v2\/posts\/12654","targetHints":{"allow":["GET"]}}],"collection":[{"href":"https:\/\/goiasemtempo.com.br\/home\/wp-json\/wp\/v2\/posts"}],"about":[{"href":"https:\/\/goiasemtempo.com.br\/home\/wp-json\/wp\/v2\/types\/post"}],"author":[{"embeddable":true,"href":"https:\/\/goiasemtempo.com.br\/home\/wp-json\/wp\/v2\/users\/2"}],"replies":[{"embeddable":true,"href":"https:\/\/goiasemtempo.com.br\/home\/wp-json\/wp\/v2\/comments?post=12654"}],"version-history":[{"count":1,"href":"https:\/\/goiasemtempo.com.br\/home\/wp-json\/wp\/v2\/posts\/12654\/revisions"}],"predecessor-version":[{"id":12655,"href":"https:\/\/goiasemtempo.com.br\/home\/wp-json\/wp\/v2\/posts\/12654\/revisions\/12655"}],"wp:featuredmedia":[{"embeddable":true,"href":"https:\/\/goiasemtempo.com.br\/home\/wp-json\/wp\/v2\/media\/11950"}],"wp:attachment":[{"href":"https:\/\/goiasemtempo.com.br\/home\/wp-json\/wp\/v2\/media?parent=12654"}],"wp:term":[{"taxonomy":"category","embeddable":true,"href":"https:\/\/goiasemtempo.com.br\/home\/wp-json\/wp\/v2\/categories?post=12654"},{"taxonomy":"post_tag","embeddable":true,"href":"https:\/\/goiasemtempo.com.br\/home\/wp-json\/wp\/v2\/tags?post=12654"}],"curies":[{"name":"wp","href":"https:\/\/api.w.org\/{rel}","templated":true}]}}