{"id":12610,"date":"2018-01-19T18:20:11","date_gmt":"2018-01-19T18:20:11","guid":{"rendered":"https:\/\/goiasemtempo.com.br\/home\/?p=12610"},"modified":"2018-01-19T18:20:11","modified_gmt":"2018-01-19T18:20:11","slug":"aplicativo-de-transporte-do-governo-sera-expandido-para-autarquias-e-fundacoes","status":"publish","type":"post","link":"https:\/\/goiasemtempo.com.br\/home\/aplicativo-de-transporte-do-governo-sera-expandido-para-autarquias-e-fundacoes\/","title":{"rendered":"Aplicativo de transporte do governo ser\u00e1 expandido para autarquias e funda\u00e7\u00f5es"},"content":{"rendered":"<p>Ap\u00f3s uma economia de 60% com o novo modelo de transporte dos servidores p\u00fablicos, o governo federal ir\u00e1 estender o servi\u00e7o T\u00e1xiGov para \u00f3rg\u00e3os da administra\u00e7\u00e3o indireta, como autarquias e funda\u00e7\u00f5es. O objetivo \u00e9 estimular que as demais entidades do Poder Executivo migrem para o sistema, que funciona por meio de um aplicativo. Com a mudan\u00e7a, os \u00f3rg\u00e3os n\u00e3o poder\u00e3o firmar novos contratos nem prorrogar os existentes, deixando os procedimentos de contrata\u00e7\u00e3o do transporte a cargo do Minist\u00e9rio do Planejamento.<\/p>\n<p>Apelidado de Uber do governo, o servi\u00e7o funciona desde fevereiro de 2017 e atende a 22 unidades, entre minist\u00e9rios e outras institui\u00e7\u00f5es p\u00fablicas. Desde a implanta\u00e7\u00e3o do servi\u00e7o, cerca de 75 mil viagens foram solicitadas pelos mais de 24 mil funcion\u00e1rios cadastrados no sistema. Sem necessidade de loca\u00e7\u00e3o ou compra de frota pr\u00f3pria de ve\u00edculos, o governo conseguiu economizar R$ 2,9 milh\u00f5es, o que representa 60,5% de redu\u00e7\u00e3o dos gastos em rela\u00e7\u00e3o aos modelos anteriores.<br \/>\nEsplanada dos Minist\u00e9rios (Arquivo\/Ag\u00eancia Brasil)<\/p>\n<p>T\u00e1xiGov foi implantado em fevereiro de 2017 e atende a 22 unidades, entre minist\u00e9rios e outras institui\u00e7\u00f5es<\/p>\n<p>At\u00e9 junho, o Minist\u00e9rio do Planejamento pretende concretizar a migra\u00e7\u00e3o do servi\u00e7o de transporte de todas as institui\u00e7\u00f5es da Administra\u00e7\u00e3o Direta Federal para o aplicativo. \u201cA partir de agora, o Planejamento realizar\u00e1 licita\u00e7\u00e3o que contemplar\u00e1 tamb\u00e9m a demanda da Administra\u00e7\u00e3o Indireta, potencializando o uso do poder de compra do Estado. No entanto, a gest\u00e3o operacional e formal dos contratos continuar\u00e1 a cargo de cada uma das unidades contratantes\u201d, informou a pasta.<\/p>\n<p>Segundo o Planejamento, a transi\u00e7\u00e3o dever\u00e1 ser feita pelos pr\u00f3prios \u00f3rg\u00e3os e entidades. Eles tamb\u00e9m precisam atuar na redu\u00e7\u00e3o da frota de ve\u00edculos. Uma portaria divulgada hoje (16) no Di\u00e1rio Oficial da Uni\u00e3o regulamenta os deveres e obriga\u00e7\u00f5es das autarquias. \u201cA medida visa fortalecer o uso do transporte de servidores, empregados e colaboradores a servi\u00e7o da Administra\u00e7\u00e3o P\u00fablica Federal no DF e entorno. O objetivo \u00e9 realizar a gest\u00e3o da frota de forma eficiente, bem como reduzir o n\u00famero de licita\u00e7\u00f5es, anteriormente realizadas individualmente pelos \u00f3rg\u00e3os\u201d, informou a pasta.<\/p>\n<p>Edi\u00e7\u00e3o: Luana Louren\u00e7o<\/p>\n","protected":false},"excerpt":{"rendered":"<p>Ap\u00f3s uma economia de 60% com o novo modelo de transporte dos servidores p\u00fablicos, o governo federal ir\u00e1 estender o servi\u00e7o T\u00e1xiGov para \u00f3rg\u00e3os da administra\u00e7\u00e3o indireta, como autarquias e funda\u00e7\u00f5es. O objetivo \u00e9 estimular que as demais entidades do Poder Executivo migrem para o sistema, que funciona por meio de um aplicativo. Com a &hellip;<\/p>\n","protected":false},"author":2,"featured_media":11928,"comment_status":"open","ping_status":"open","sticky":false,"template":"","format":"standard","meta":{"footnotes":""},"categories":[4],"tags":[],"class_list":["post-12610","post","type-post","status-publish","format-standard","has-post-thumbnail","hentry","category-ultimas-noticias"],"_links":{"self":[{"href":"https:\/\/goiasemtempo.com.br\/home\/wp-json\/wp\/v2\/posts\/12610","targetHints":{"allow":["GET"]}}],"collection":[{"href":"https:\/\/goiasemtempo.com.br\/home\/wp-json\/wp\/v2\/posts"}],"about":[{"href":"https:\/\/goiasemtempo.com.br\/home\/wp-json\/wp\/v2\/types\/post"}],"author":[{"embeddable":true,"href":"https:\/\/goiasemtempo.com.br\/home\/wp-json\/wp\/v2\/users\/2"}],"replies":[{"embeddable":true,"href":"https:\/\/goiasemtempo.com.br\/home\/wp-json\/wp\/v2\/comments?post=12610"}],"version-history":[{"count":1,"href":"https:\/\/goiasemtempo.com.br\/home\/wp-json\/wp\/v2\/posts\/12610\/revisions"}],"predecessor-version":[{"id":12611,"href":"https:\/\/goiasemtempo.com.br\/home\/wp-json\/wp\/v2\/posts\/12610\/revisions\/12611"}],"wp:featuredmedia":[{"embeddable":true,"href":"https:\/\/goiasemtempo.com.br\/home\/wp-json\/wp\/v2\/media\/11928"}],"wp:attachment":[{"href":"https:\/\/goiasemtempo.com.br\/home\/wp-json\/wp\/v2\/media?parent=12610"}],"wp:term":[{"taxonomy":"category","embeddable":true,"href":"https:\/\/goiasemtempo.com.br\/home\/wp-json\/wp\/v2\/categories?post=12610"},{"taxonomy":"post_tag","embeddable":true,"href":"https:\/\/goiasemtempo.com.br\/home\/wp-json\/wp\/v2\/tags?post=12610"}],"curies":[{"name":"wp","href":"https:\/\/api.w.org\/{rel}","templated":true}]}}