{"id":12596,"date":"2018-01-19T18:15:08","date_gmt":"2018-01-19T18:15:08","guid":{"rendered":"https:\/\/goiasemtempo.com.br\/home\/?p=12596"},"modified":"2018-01-19T18:15:08","modified_gmt":"2018-01-19T18:15:08","slug":"morre-dolores-oriordan-vocalista-da-banda-irlandesa-cranberries","status":"publish","type":"post","link":"https:\/\/goiasemtempo.com.br\/home\/morre-dolores-oriordan-vocalista-da-banda-irlandesa-cranberries\/","title":{"rendered":"Morre Dolores ORiordan, vocalista da banda irlandesa Cranberries"},"content":{"rendered":"<p>Dona de uma forte voz fora dos padr\u00f5es, a vocalista do grupo de pop-rock irland\u00eas Cranberries, Dolores ORiordan, morreu repentinamente nesta segunda-feira (15), em Londres, aos 46 anos, anunciou sua produtora.<\/p>\n<p>A cantora do grupo irland\u00eas The Cranberries estava em Londres para uma curta sess\u00e3o de grava\u00e7\u00e3o, explicou sua ag\u00eancia, a Lindsey Holmes Publicity, em um comunicado, sem dar detalhes das causas da morte.<\/p>\n<p>Os membros de sua fam\u00edlia est\u00e3o devastados e pediram respeito \u00e0 sua privacidade neste momento t\u00e3o dif\u00edcil, acrescentou o comunicado.<\/p>\n<p>A Pol\u00edcia londrina informou \u00e0 AFP que investigava a morte repentina de uma mulher de uns quarenta anos, encontrada morta pouco depois das 09H00 GMT (07h00 de Bras\u00edlia) em um hotel do centro de Londres, sem confirmar a identidade da v\u00edtima.<\/p>\n<p>O Cranberries fez sucesso internacional nos anos 1990 com temas como Zombie (sobre a guerra na Irlanda do Norte), Just My Imagination e Animal Instinct. A banda vendeu mais de 40 milh\u00f5es de discos em todo o mundo.<\/p>\n<p>O \u00e1lbum No Need to Argue chegou a ser o primeiro em vendas em Austr\u00e1lia, Fran\u00e7a e Alemanha e o sexto nos Estados Unidos.<\/p>\n<p>Em 2003, cansados de intensas turn\u00eas e sem inspira\u00e7\u00e3o, o grupo criado em Limerick (Irlanda) em 1989 decidiu fazer uma pausa.<\/p>\n<p>Em 2003, meu filho tinha cinco anos, minha filha dois anos e eu os levava na turn\u00ea com a gente. Me dei conta de que n\u00e3o era s\u00f3 por eles. Do ponto de vista criativo, est\u00e1vamos na rotina. Precis\u00e1vamos de uma pausa, disse Dolores ORiordan \u00e0 AFP em 2012.<\/p>\n<p>A banda se separou, e ORiordan tentou carreira solo, com um primeiro \u00e1lbum intitulado Are you listening?.<\/p>\n<p>Em 2009, o Cranberries voltou a se reunir e tr\u00eas anos depois lan\u00e7ou Roses.<\/p>\n<p>N\u00e3o h\u00e1 quest\u00f5es de ego, ningu\u00e9m tenta tomar a dianteira. Trabalhei com muitos m\u00fasicos de est\u00fadio e essa qu\u00edmica \u00e9 algo que n\u00e3o se compra, explicou \u00e0 AFP Dolores, que comp\u00f4s novamente todas as letras do \u00e1lbum.<\/p>\n<p>&#8211; Imensa influ\u00eancia &#8211;<\/p>\n<p>Em 2014, ORiordan atraiu os holofotes ap\u00f3s agredir uma aeromo\u00e7a durante um voo de Nova York para a Irlanda. Pouco tempo depois, foi diagnosticada como bipolar.<\/p>\n<p>Condenada a pagar uma multa, a cantora disse que usaria a m\u00fasica, a dan\u00e7a e os palcos para melhorar sua sa\u00fade mental.<\/p>\n<p>No ano passado, o Cranberries lan\u00e7ou um novo \u00e1lbum, Something Else, mas teve que cancelar v\u00e1rios shows, alegando problemas de dores de coluna da cantora.<\/p>\n<p>Pouco antes do Natal passado, Dolores ORiordan publicou uma mensagem na p\u00e1gina de Facebook do grupo: Ol\u00e1 a todos, sou Dolores. Me sinto bem!, escreveu, contando que havia dado seu primeiro show em meses neste final de semana.<\/p>\n<p>O presidente irland\u00eas, Michael Higgins, homenageou a cantora, ao afirmar que ela e seu grupo tiveram uma imensa influ\u00eancia na m\u00fasica rock e pop na Irlanda e no exterior.<\/p>\n<p>A cantora irlandesa casou-se em 1994 com o empres\u00e1rio da banda Duran Duran, Don Burton, com quem teve tr\u00eas filhos. O casal se separou em 2014, ap\u00f3s 20 anos de vida em comum.<\/p>\n<p>Estamos destro\u00e7ados, reagiu no Twitter a banda Duran Duran.<\/p>\n<p>As homenagens foram se sucedendo na rede social \u00e0 medida que a not\u00edcia foi se espalhando.<\/p>\n<p>O grupo irland\u00eas Kodaline anunciou que estava totalmente abalado.<\/p>\n<p>Dave Davies, da banda The Kinks, publicou uma foto em que aparece ao lado da cantora. Estou realmente abalado que #DoloresORiordan tenha morrido t\u00e3o repentinamente. Falei com ela semanas antes do Natal e parecia feliz e em forma &#8211; inclusive falamos de talvez escrever algumas can\u00e7\u00f5es juntos, tuitou.<\/p>\n","protected":false},"excerpt":{"rendered":"<p>Dona de uma forte voz fora dos padr\u00f5es, a vocalista do grupo de pop-rock irland\u00eas Cranberries, Dolores ORiordan, morreu repentinamente nesta segunda-feira (15), em Londres, aos 46 anos, anunciou sua produtora. A cantora do grupo irland\u00eas The Cranberries estava em Londres para uma curta sess\u00e3o de grava\u00e7\u00e3o, explicou sua ag\u00eancia, a Lindsey Holmes Publicity, em &hellip;<\/p>\n","protected":false},"author":2,"featured_media":12233,"comment_status":"open","ping_status":"open","sticky":false,"template":"","format":"standard","meta":{"footnotes":""},"categories":[4],"tags":[],"class_list":["post-12596","post","type-post","status-publish","format-standard","has-post-thumbnail","hentry","category-ultimas-noticias"],"_links":{"self":[{"href":"https:\/\/goiasemtempo.com.br\/home\/wp-json\/wp\/v2\/posts\/12596","targetHints":{"allow":["GET"]}}],"collection":[{"href":"https:\/\/goiasemtempo.com.br\/home\/wp-json\/wp\/v2\/posts"}],"about":[{"href":"https:\/\/goiasemtempo.com.br\/home\/wp-json\/wp\/v2\/types\/post"}],"author":[{"embeddable":true,"href":"https:\/\/goiasemtempo.com.br\/home\/wp-json\/wp\/v2\/users\/2"}],"replies":[{"embeddable":true,"href":"https:\/\/goiasemtempo.com.br\/home\/wp-json\/wp\/v2\/comments?post=12596"}],"version-history":[{"count":1,"href":"https:\/\/goiasemtempo.com.br\/home\/wp-json\/wp\/v2\/posts\/12596\/revisions"}],"predecessor-version":[{"id":12597,"href":"https:\/\/goiasemtempo.com.br\/home\/wp-json\/wp\/v2\/posts\/12596\/revisions\/12597"}],"wp:featuredmedia":[{"embeddable":true,"href":"https:\/\/goiasemtempo.com.br\/home\/wp-json\/wp\/v2\/media\/12233"}],"wp:attachment":[{"href":"https:\/\/goiasemtempo.com.br\/home\/wp-json\/wp\/v2\/media?parent=12596"}],"wp:term":[{"taxonomy":"category","embeddable":true,"href":"https:\/\/goiasemtempo.com.br\/home\/wp-json\/wp\/v2\/categories?post=12596"},{"taxonomy":"post_tag","embeddable":true,"href":"https:\/\/goiasemtempo.com.br\/home\/wp-json\/wp\/v2\/tags?post=12596"}],"curies":[{"name":"wp","href":"https:\/\/api.w.org\/{rel}","templated":true}]}}