{"id":12556,"date":"2018-01-19T18:00:44","date_gmt":"2018-01-19T18:00:44","guid":{"rendered":"https:\/\/goiasemtempo.com.br\/home\/?p=12556"},"modified":"2018-01-19T18:00:44","modified_gmt":"2018-01-19T18:00:44","slug":"dirigentes-palestinos-pedem-suspensao-de-reconhecimento-de-israel","status":"publish","type":"post","link":"https:\/\/goiasemtempo.com.br\/home\/dirigentes-palestinos-pedem-suspensao-de-reconhecimento-de-israel\/","title":{"rendered":"Dirigentes palestinos pedem suspens\u00e3o de reconhecimento de Israel"},"content":{"rendered":"<p>O Conselho Central palestino solicitou nesta segunda-feira \u00e0 Organiza\u00e7\u00e3o para a Liberta\u00e7\u00e3o da Palestina (OLP) a suspens\u00e3o do reconhecimento do Estado de Israel, em resposta \u00e0 decis\u00e3o do presidente americano, Donald Trump, de admitir Jerusal\u00e9m como capital de Israel.<\/p>\n<p>Em vota\u00e7\u00e3o na cidade de Ramallah, na Cisjord\u00e2nia ocupada, o Conselho Central da OLP encarregou o comit\u00ea executivo (da organiza\u00e7\u00e3o) de suspender o reconhecimento de Israel at\u00e9 que este \u00faltimo reconhe\u00e7a o Estado da Palestina em suas fronteiras de 1967, anule a anexa\u00e7\u00e3o de Jerusal\u00e9m Oriental e suspensa suas atividades de coloniza\u00e7\u00e3o.<\/p>\n<p>Em um discurso no qual n\u00e3o escondeu sua ira, o presidente palestino, Mahmud Abbas, marcou a pauta para a reuni\u00e3o de dois dias do Conselho Central em Ramallah.<\/p>\n<p>O assunto do s\u00e9culo se converteu no tapa do s\u00e9culo, lan\u00e7ou Abbas ao se referir \u00e0 vontade declarada de Trump de presidir o \u00faltimo acordo diplom\u00e1tico entre israelenses e palestinos.<\/p>\n<p>Os Estados Unidos de Trump perderam a credibilidade em seu papel de mediador. Os palestinos rejeitam o plano que Washington deve apresentar em data ainda indefinida, e todas as op\u00e7\u00f5es continuam sobre a mesa, detalhou Abas.<\/p>\n<p>J\u00e1 n\u00e3o h\u00e1 Oslo, por culpa de Israel, insistiu, nomeando o processo iniciado em 1993 e que se sup\u00f5e que deve levar a uma paz negociada entre palestinos e israelenses. Esses acordos, considerados como os que precedem \u00e0 cria\u00e7\u00e3o de um Estado palestino, s\u00e3o a refer\u00eancia dos esfor\u00e7os de paz. Abbas n\u00e3o se pronunciou sobre as consequ\u00eancias dificilmente previs\u00edveis que teriam seu final.<\/p>\n<p>O Conselho Central da OLP, um dos \u00f3rg\u00e3os da organiza\u00e7\u00e3o reconhecida internacionalmente como representante de todos os palestinos, foi convocado expressamente para responder \u00e0 decis\u00e3o anunciada em 6 de dezembro por Trump de reconhecer Jerusal\u00e9m como capital de Israel.<\/p>\n<p>&#8211; Deus e a casa Trump &#8211;<\/p>\n<p>Dezessete palestinos, o \u00faltimo nesta segunda-feira, morreram em uma onda de viol\u00eancia iniciada a partir de ent\u00e3o. Os palestinos v\u00eam nessa ruptura unilateral com d\u00e9cadas de diplomacia internacional uma nega\u00e7\u00e3o de suas reivindica\u00e7\u00f5es sobre Jerusal\u00e9m Oriental, anexada e ocupada. Tamb\u00e9m consideraram essa postura de Washington como a manifesta\u00e7\u00e3o mais flagrante de sua parcialidade pr\u00f3-israelense.<\/p>\n<p>Desde que Trump chegou ao poder, em janeiro de 2017, se absteve de apoiar a cria\u00e7\u00e3o de um Estado palestino, foi mais discreto sobre a coloniza\u00e7\u00e3o israelense e esteve a ponto de fechar um escrit\u00f3rio da OLP em Washington.<\/p>\n<p>Tamb\u00e9m amea\u00e7ou cortar a ajuda americana aos Territ\u00f3rios Palestinos por rejeitarem as negocia\u00e7\u00f5es de paz.<\/p>\n<p>Quando n\u00f3s negamos?, questionou Abbas, indignado. Deus destrua sua casa, disse a Trump, usando uma express\u00e3o comum em \u00e1rabe.<\/p>\n<p>Os palestinos congelaram os contatos com o governo Trump. O vice-presidente dos Estados Unidos, Mike Pence, visitar\u00e1 Jerusal\u00e9m na semana que vem, mas ainda n\u00e3o se reunir\u00e1 com nenhum l\u00edder palestino.<\/p>\n<p>Para esta segunda-feira, o Conselho Central da OLP teria que alcan\u00e7ar uma declara\u00e7\u00e3o comum.<\/p>\n<p>Por sua vez, Abbas se mostrou favor\u00e1vel a um processo com media\u00e7\u00e3o internacional, mas se absteve de abordar duas possibilidades mencionadas antes da reuni\u00e3o da OLP: o fim do reconhecimento de Israel ou a coopera\u00e7\u00e3o de seguran\u00e7a com os israelenses.<\/p>\n<p>O discurso de Abbas e as rea\u00e7\u00f5es que provocou evidenciaram o estado de deteriora\u00e7\u00e3o do processo de paz e sua pouco margem de manobra.<\/p>\n<p>&#8211; Caiu a m\u00e1scara &#8211;<\/p>\n<p>O movimento islamita Hamas, que n\u00e3o faz parte da OLP e rejeitou o convite para a reuni\u00e3o, acusou Abbas, em comunicado, de n\u00e3o satisfazer as ambi\u00e7\u00f5es de nosso povo.<\/p>\n<p>Por ouro lado, parece muito pouco prov\u00e1vel que Israel aceite outro intermedi\u00e1rio que n\u00e3o os Estados Unidos.<\/p>\n<p>Abbas perde a cabe\u00e7a, disse o ministro israelense de Defesa, Avigdor Lieberman. Caiu a m\u00e1scara, insistiu o primeiro-ministro Benjamin Netanyahu, atualmente na \u00cdndia. Disse a verdade que n\u00e3o deixo de repetir h\u00e1 anos: o conflito com os palestinos resulta de sua rejei\u00e7\u00e3o constante a reconhecer o Estado dos judeus qualquer que sejam as fronteiras, disse em declara\u00e7\u00f5es difundidas pela r\u00e1dio p\u00fablica.<\/p>\n<p>A R\u00fassia, que recebeu Abbas recentemente, disse compreender o ressentimento palestino. Fizeram concess\u00f5es durante anos sem receber nada em troca, declarou o ministro das Rela\u00e7\u00f5es Exteriores, Serguei Lavrov.<\/p>\n<p>Maja Kicijancic, porta-voz da Comiss\u00e3o, indicou que o planejamento europeu se baseava nos acordos de Oslo e as resolu\u00e7\u00f5es do Conselho de Seguran\u00e7a. O ministro franc\u00eas das Rela\u00e7\u00f5es Exteriores considerou por sua vez que os acordos de Oslo mostraram a via de um acordo negociado, e pediram \u00e0s partes abster-se de qualquer medida suscet\u00edvel de prejudicar uma retomada das negocia\u00e7\u00f5es.<\/p>\n","protected":false},"excerpt":{"rendered":"<p>O Conselho Central palestino solicitou nesta segunda-feira \u00e0 Organiza\u00e7\u00e3o para a Liberta\u00e7\u00e3o da Palestina (OLP) a suspens\u00e3o do reconhecimento do Estado de Israel, em resposta \u00e0 decis\u00e3o do presidente americano, Donald Trump, de admitir Jerusal\u00e9m como capital de Israel. Em vota\u00e7\u00e3o na cidade de Ramallah, na Cisjord\u00e2nia ocupada, o Conselho Central da OLP encarregou o &hellip;<\/p>\n","protected":false},"author":2,"featured_media":12210,"comment_status":"open","ping_status":"open","sticky":false,"template":"","format":"standard","meta":{"_exactmetrics_skip_tracking":false,"_exactmetrics_sitenote_active":false,"_exactmetrics_sitenote_note":"","_exactmetrics_sitenote_category":0,"footnotes":""},"categories":[4],"tags":[],"_links":{"self":[{"href":"https:\/\/goiasemtempo.com.br\/home\/wp-json\/wp\/v2\/posts\/12556"}],"collection":[{"href":"https:\/\/goiasemtempo.com.br\/home\/wp-json\/wp\/v2\/posts"}],"about":[{"href":"https:\/\/goiasemtempo.com.br\/home\/wp-json\/wp\/v2\/types\/post"}],"author":[{"embeddable":true,"href":"https:\/\/goiasemtempo.com.br\/home\/wp-json\/wp\/v2\/users\/2"}],"replies":[{"embeddable":true,"href":"https:\/\/goiasemtempo.com.br\/home\/wp-json\/wp\/v2\/comments?post=12556"}],"version-history":[{"count":1,"href":"https:\/\/goiasemtempo.com.br\/home\/wp-json\/wp\/v2\/posts\/12556\/revisions"}],"predecessor-version":[{"id":12557,"href":"https:\/\/goiasemtempo.com.br\/home\/wp-json\/wp\/v2\/posts\/12556\/revisions\/12557"}],"wp:featuredmedia":[{"embeddable":true,"href":"https:\/\/goiasemtempo.com.br\/home\/wp-json\/wp\/v2\/media\/12210"}],"wp:attachment":[{"href":"https:\/\/goiasemtempo.com.br\/home\/wp-json\/wp\/v2\/media?parent=12556"}],"wp:term":[{"taxonomy":"category","embeddable":true,"href":"https:\/\/goiasemtempo.com.br\/home\/wp-json\/wp\/v2\/categories?post=12556"},{"taxonomy":"post_tag","embeddable":true,"href":"https:\/\/goiasemtempo.com.br\/home\/wp-json\/wp\/v2\/tags?post=12556"}],"curies":[{"name":"wp","href":"https:\/\/api.w.org\/{rel}","templated":true}]}}