{"id":12518,"date":"2018-01-19T17:47:05","date_gmt":"2018-01-19T17:47:05","guid":{"rendered":"https:\/\/goiasemtempo.com.br\/home\/?p=12518"},"modified":"2018-01-19T17:47:05","modified_gmt":"2018-01-19T17:47:05","slug":"temer-recebe-diretor-geral-da-policia-federal-para-tratar-de-seguranca","status":"publish","type":"post","link":"https:\/\/goiasemtempo.com.br\/home\/temer-recebe-diretor-geral-da-policia-federal-para-tratar-de-seguranca\/","title":{"rendered":"Temer recebe diretor-geral da Pol\u00edcia Federal para tratar de seguran\u00e7a"},"content":{"rendered":"<p>O presidente Michel Temer recebeu, na manh\u00e3 de hoje (15), no Pal\u00e1cio do Planalto, o diretor-geral da Pol\u00edcia Federal, Fernando Seg\u00f3via, para tratar de quest\u00f5es de seguran\u00e7a. O subchefe para Assuntos Jur\u00eddicos da Casa Civil, Gustavo Rocha, tamb\u00e9m participou do encontro, que foi registrado na agenda do presidente ap\u00f3s atualiza\u00e7\u00e3o.<\/p>\n<p>Nesta segunda-feira, Temer tamb\u00e9m recebeu o ministro do Gabinete de Seguran\u00e7a Institucional da Presid\u00eancia da Rep\u00fablica, Sergio Etchegoyen.<\/p>\n<p>A semana de trabalho do presidente come\u00e7ou ainda no domingo (14), quando ele esteve com ministros no Pal\u00e1cio da Alvorada para tratar do cen\u00e1rio econ\u00f4mico. Antes da reuni\u00e3o, Temer e os ministros fizeram uma caminhada de pouco mais de 1 quil\u00f4metro entre os pal\u00e1cios do Jaburu, onde Temer mora com sua fam\u00edlia, e o Pal\u00e1cio da Alvorada.<\/p>\n<p>Edi\u00e7\u00e3o: N\u00e1dia Franco<\/p>\n","protected":false},"excerpt":{"rendered":"<p>O presidente Michel Temer recebeu, na manh\u00e3 de hoje (15), no Pal\u00e1cio do Planalto, o diretor-geral da Pol\u00edcia Federal, Fernando Seg\u00f3via, para tratar de quest\u00f5es de seguran\u00e7a. O subchefe para Assuntos Jur\u00eddicos da Casa Civil, Gustavo Rocha, tamb\u00e9m participou do encontro, que foi registrado na agenda do presidente ap\u00f3s atualiza\u00e7\u00e3o. Nesta segunda-feira, Temer tamb\u00e9m recebeu &hellip;<\/p>\n","protected":false},"author":2,"featured_media":12191,"comment_status":"open","ping_status":"open","sticky":false,"template":"","format":"standard","meta":{"_exactmetrics_skip_tracking":false,"_exactmetrics_sitenote_active":false,"_exactmetrics_sitenote_note":"","_exactmetrics_sitenote_category":0,"footnotes":""},"categories":[4],"tags":[],"_links":{"self":[{"href":"https:\/\/goiasemtempo.com.br\/home\/wp-json\/wp\/v2\/posts\/12518"}],"collection":[{"href":"https:\/\/goiasemtempo.com.br\/home\/wp-json\/wp\/v2\/posts"}],"about":[{"href":"https:\/\/goiasemtempo.com.br\/home\/wp-json\/wp\/v2\/types\/post"}],"author":[{"embeddable":true,"href":"https:\/\/goiasemtempo.com.br\/home\/wp-json\/wp\/v2\/users\/2"}],"replies":[{"embeddable":true,"href":"https:\/\/goiasemtempo.com.br\/home\/wp-json\/wp\/v2\/comments?post=12518"}],"version-history":[{"count":1,"href":"https:\/\/goiasemtempo.com.br\/home\/wp-json\/wp\/v2\/posts\/12518\/revisions"}],"predecessor-version":[{"id":12519,"href":"https:\/\/goiasemtempo.com.br\/home\/wp-json\/wp\/v2\/posts\/12518\/revisions\/12519"}],"wp:featuredmedia":[{"embeddable":true,"href":"https:\/\/goiasemtempo.com.br\/home\/wp-json\/wp\/v2\/media\/12191"}],"wp:attachment":[{"href":"https:\/\/goiasemtempo.com.br\/home\/wp-json\/wp\/v2\/media?parent=12518"}],"wp:term":[{"taxonomy":"category","embeddable":true,"href":"https:\/\/goiasemtempo.com.br\/home\/wp-json\/wp\/v2\/categories?post=12518"},{"taxonomy":"post_tag","embeddable":true,"href":"https:\/\/goiasemtempo.com.br\/home\/wp-json\/wp\/v2\/tags?post=12518"}],"curies":[{"name":"wp","href":"https:\/\/api.w.org\/{rel}","templated":true}]}}