{"id":12494,"date":"2018-01-19T17:38:27","date_gmt":"2018-01-19T17:38:27","guid":{"rendered":"https:\/\/goiasemtempo.com.br\/home\/?p=12494"},"modified":"2018-01-19T17:38:27","modified_gmt":"2018-01-19T17:38:27","slug":"tres-presos-sao-encontrados-mortos-na-casa-de-custodia-de-curitiba","status":"publish","type":"post","link":"https:\/\/goiasemtempo.com.br\/home\/tres-presos-sao-encontrados-mortos-na-casa-de-custodia-de-curitiba\/","title":{"rendered":"Tr\u00eas presos s\u00e3o encontrados mortos na Casa de Cust\u00f3dia de Curitiba"},"content":{"rendered":"<p>Tr\u00eas presos foram encontrados mortos no interior da Casa de Cust\u00f3dia de Curitiba na madrugada de hoje (15). Segundo a secretaria estadual de Seguran\u00e7a P\u00fablica e Administra\u00e7\u00e3o Penitenci\u00e1ria, tr\u00eas detentos j\u00e1 assumiram a autoria dos homic\u00eddios, mas como decidiram s\u00f3 se pronunciar em ju\u00edzo, a motiva\u00e7\u00e3o dos crimes continua sendo investigada. A secretaria, no entanto, suspeita que os homic\u00eddios foram provocados por uma disputa interna entre os presos.<\/p>\n<p>De acordo com o coordenador da Central de Flagrantes de Curitiba, delegado F\u00e1bio Machado dos Santos, os detentos Bruno Aparecido Guedes, 30, Giuseppe Luis dos Santos, 36, e Marcos Germano dos Santos, 36, foram mortos ao retornar \u00e0 cela, logo ap\u00f3s o fim do hor\u00e1rio de visitas, por volta das 18 horas.<\/p>\n<p>Ainda segundo o delegado, as v\u00edtimas apresentavam ferimentos letais causados por objetos perfurocortantes (armas brancas). Tr\u00eas estoques (l\u00e2minas de ferro com pontas afiadas) foram encontrados pela equipe da Divis\u00e3o de Homic\u00eddios e Prote\u00e7\u00e3o \u00e0 Pessoa (DHPP) \u2013 um deles cravado no corpo de uma das v\u00edtimas.<\/p>\n<p>Ap\u00f3s prestarem depoimento na Central de Flagrantes, os tr\u00eas suspeitos de homic\u00eddio qualificado foram reconduzidos para a pr\u00f3pria Casa de Cust\u00f3dia.<\/p>\n<p>Em funcionamento h\u00e1 15 anos, a Casa de Cust\u00f3dia \u00e9 classificada pelo Departamento Penitenci\u00e1rio paranaense como uma unidade de seguran\u00e7a m\u00e1xima. Com 432 vagas, abriga 620 detentos \u2013 todos homens condenados ou que respondem a crimes contra mulheres.<\/p>\n<p>Edi\u00e7\u00e3o: Maria Claudia<\/p>\n","protected":false},"excerpt":{"rendered":"<p>Tr\u00eas presos foram encontrados mortos no interior da Casa de Cust\u00f3dia de Curitiba na madrugada de hoje (15). Segundo a secretaria estadual de Seguran\u00e7a P\u00fablica e Administra\u00e7\u00e3o Penitenci\u00e1ria, tr\u00eas detentos j\u00e1 assumiram a autoria dos homic\u00eddios, mas como decidiram s\u00f3 se pronunciar em ju\u00edzo, a motiva\u00e7\u00e3o dos crimes continua sendo investigada. A secretaria, no entanto, &hellip;<\/p>\n","protected":false},"author":2,"featured_media":12179,"comment_status":"open","ping_status":"open","sticky":false,"template":"","format":"standard","meta":{"_exactmetrics_skip_tracking":false,"_exactmetrics_sitenote_active":false,"_exactmetrics_sitenote_note":"","_exactmetrics_sitenote_category":0,"footnotes":""},"categories":[4],"tags":[],"_links":{"self":[{"href":"https:\/\/goiasemtempo.com.br\/home\/wp-json\/wp\/v2\/posts\/12494"}],"collection":[{"href":"https:\/\/goiasemtempo.com.br\/home\/wp-json\/wp\/v2\/posts"}],"about":[{"href":"https:\/\/goiasemtempo.com.br\/home\/wp-json\/wp\/v2\/types\/post"}],"author":[{"embeddable":true,"href":"https:\/\/goiasemtempo.com.br\/home\/wp-json\/wp\/v2\/users\/2"}],"replies":[{"embeddable":true,"href":"https:\/\/goiasemtempo.com.br\/home\/wp-json\/wp\/v2\/comments?post=12494"}],"version-history":[{"count":1,"href":"https:\/\/goiasemtempo.com.br\/home\/wp-json\/wp\/v2\/posts\/12494\/revisions"}],"predecessor-version":[{"id":12495,"href":"https:\/\/goiasemtempo.com.br\/home\/wp-json\/wp\/v2\/posts\/12494\/revisions\/12495"}],"wp:featuredmedia":[{"embeddable":true,"href":"https:\/\/goiasemtempo.com.br\/home\/wp-json\/wp\/v2\/media\/12179"}],"wp:attachment":[{"href":"https:\/\/goiasemtempo.com.br\/home\/wp-json\/wp\/v2\/media?parent=12494"}],"wp:term":[{"taxonomy":"category","embeddable":true,"href":"https:\/\/goiasemtempo.com.br\/home\/wp-json\/wp\/v2\/categories?post=12494"},{"taxonomy":"post_tag","embeddable":true,"href":"https:\/\/goiasemtempo.com.br\/home\/wp-json\/wp\/v2\/tags?post=12494"}],"curies":[{"name":"wp","href":"https:\/\/api.w.org\/{rel}","templated":true}]}}