{"id":12488,"date":"2018-01-19T17:36:17","date_gmt":"2018-01-19T17:36:17","guid":{"rendered":"https:\/\/goiasemtempo.com.br\/home\/?p=12488"},"modified":"2018-01-19T17:36:17","modified_gmt":"2018-01-19T17:36:17","slug":"presidentes-do-trf4-e-do-stf-discutem-ameacas-a-desembargadores","status":"publish","type":"post","link":"https:\/\/goiasemtempo.com.br\/home\/presidentes-do-trf4-e-do-stf-discutem-ameacas-a-desembargadores\/","title":{"rendered":"Presidentes do TRF4 e do STF discutem amea\u00e7as a desembargadores"},"content":{"rendered":"<p>O presidente do Tribunal Regional Federal da 4\u00aa Regi\u00e3o (TRF4), desembargador Thompson Flores, foi hoje (15) ao gabinete da ministra C\u00e1rmen L\u00facia, presidente do Supremo Tribunal Federal (STF), para discutir provid\u00eancias sobre amea\u00e7as recebidas pelos desembargadores que julgar\u00e3o, no pr\u00f3ximo dia 24, em Porto Alegre, o recurso contra a condena\u00e7\u00e3o do ex-presidente Luiz In\u00e1cio Lula da Silva.<\/p>\n<p>Thompson Flores deixou o STF sem falar com a imprensa, ap\u00f3s reuni\u00e3o de pouco mais de uma hora com C\u00e1rmen L\u00facia, que preside tamb\u00e9m o Conselho Nacional de Justi\u00e7a (CNJ), \u00f3rg\u00e3o que tem um departamento para cuidar da seguran\u00e7a de magistrados. O desembargador tem encontros marcados tamb\u00e9m com o ministro-chefe do Gabinete de Seguran\u00e7a Institucional, Sergio Etchegoyen, e com a procuradora-geral da Rep\u00fablica, Raquel Dodge.<\/p>\n<p>No in\u00edcio de janeiro, Thompson Flores enviou of\u00edcio \u00e0 C\u00e1rmen L\u00facia e a outros \u00f3rg\u00e3os, como a Procuradoria-Geral da Rep\u00fablica (PGR) e a Pol\u00edcia Federal (PF), para que fossem investigadas as amea\u00e7as recebidas pela internet e por telefone, direcionadas ao TRF4 e aos tr\u00eas desembargadores que julgar\u00e3o o recurso de Lula: Jo\u00e3o Gebran Neto, relator; Victor Laus e Leandro Paulsen.<\/p>\n<p>Na semana passada, o presidente do TRF4 assinou uma portaria suspendendo o expediente e dispensando funcion\u00e1rios de comparecem ao Tribunal no dia do julgamento de Lula. Preocupado com a seguran\u00e7a, ele tamb\u00e9m se reuniu com deputados do PT, a quem pediu coopera\u00e7\u00e3o para manter pac\u00edficas as manifesta\u00e7\u00f5es previstas em Porto Alegre, onde fica a sede da corte recursal.<\/p>\n<p>Lula foi condenado pelo juiz S\u00e9rgio Moro, da primeira inst\u00e2ncia da Justi\u00e7a Federal, em julho do ano passado, a nove anos e meio de pris\u00e3o, pelos crimes de corrup\u00e7\u00e3o passiva e lavagem de dinheiro. O ex-presidente foi acusado de receber propina da empreiteira OAS na forma de um apartamento triplex no Guaruj\u00e1 (SP), em troca de favorecimentos em contratos na Petrobras.<\/p>\n<p>A defesa de Lula nega as acusa\u00e7\u00f5es e afirma ter ficado provado que Lula nunca foi nem seria propriet\u00e1rio do apartamento. Os advogados do ex-presidente alegam que ele sofre uma persegui\u00e7\u00e3o pol\u00edtica por interm\u00e9dio do Judici\u00e1rio, numa tentativa de inviabiliz\u00e1-lo politicamente, t\u00e1tica conhecida como law fare.<\/p>\n<p>Edi\u00e7\u00e3o: Fernando Fraga<\/p>\n","protected":false},"excerpt":{"rendered":"<p>O presidente do Tribunal Regional Federal da 4\u00aa Regi\u00e3o (TRF4), desembargador Thompson Flores, foi hoje (15) ao gabinete da ministra C\u00e1rmen L\u00facia, presidente do Supremo Tribunal Federal (STF), para discutir provid\u00eancias sobre amea\u00e7as recebidas pelos desembargadores que julgar\u00e3o, no pr\u00f3ximo dia 24, em Porto Alegre, o recurso contra a condena\u00e7\u00e3o do ex-presidente Luiz In\u00e1cio Lula &hellip;<\/p>\n","protected":false},"author":2,"featured_media":12176,"comment_status":"open","ping_status":"open","sticky":false,"template":"","format":"standard","meta":{"_exactmetrics_skip_tracking":false,"_exactmetrics_sitenote_active":false,"_exactmetrics_sitenote_note":"","_exactmetrics_sitenote_category":0,"footnotes":""},"categories":[4],"tags":[],"_links":{"self":[{"href":"https:\/\/goiasemtempo.com.br\/home\/wp-json\/wp\/v2\/posts\/12488"}],"collection":[{"href":"https:\/\/goiasemtempo.com.br\/home\/wp-json\/wp\/v2\/posts"}],"about":[{"href":"https:\/\/goiasemtempo.com.br\/home\/wp-json\/wp\/v2\/types\/post"}],"author":[{"embeddable":true,"href":"https:\/\/goiasemtempo.com.br\/home\/wp-json\/wp\/v2\/users\/2"}],"replies":[{"embeddable":true,"href":"https:\/\/goiasemtempo.com.br\/home\/wp-json\/wp\/v2\/comments?post=12488"}],"version-history":[{"count":1,"href":"https:\/\/goiasemtempo.com.br\/home\/wp-json\/wp\/v2\/posts\/12488\/revisions"}],"predecessor-version":[{"id":12489,"href":"https:\/\/goiasemtempo.com.br\/home\/wp-json\/wp\/v2\/posts\/12488\/revisions\/12489"}],"wp:featuredmedia":[{"embeddable":true,"href":"https:\/\/goiasemtempo.com.br\/home\/wp-json\/wp\/v2\/media\/12176"}],"wp:attachment":[{"href":"https:\/\/goiasemtempo.com.br\/home\/wp-json\/wp\/v2\/media?parent=12488"}],"wp:term":[{"taxonomy":"category","embeddable":true,"href":"https:\/\/goiasemtempo.com.br\/home\/wp-json\/wp\/v2\/categories?post=12488"},{"taxonomy":"post_tag","embeddable":true,"href":"https:\/\/goiasemtempo.com.br\/home\/wp-json\/wp\/v2\/tags?post=12488"}],"curies":[{"name":"wp","href":"https:\/\/api.w.org\/{rel}","templated":true}]}}