{"id":12462,"date":"2018-01-19T17:26:53","date_gmt":"2018-01-19T17:26:53","guid":{"rendered":"https:\/\/goiasemtempo.com.br\/home\/?p=12462"},"modified":"2018-01-19T17:26:53","modified_gmt":"2018-01-19T17:26:53","slug":"apos-tres-anos-de-queda-venda-de-onibus-e-caminhoes-tem-alta-de-5","status":"publish","type":"post","link":"https:\/\/goiasemtempo.com.br\/home\/apos-tres-anos-de-queda-venda-de-onibus-e-caminhoes-tem-alta-de-5\/","title":{"rendered":"Ap\u00f3s tr\u00eas anos de queda, venda de \u00f4nibus e caminh\u00f5es tem alta de 5%"},"content":{"rendered":"<p>O setor de \u00f4nibus e caminh\u00f5es do pa\u00eds comercializou 67.168 unidades novas durante o ano passado, com alta de 5,05% em rela\u00e7\u00e3o a 2016, segundo dados da Federa\u00e7\u00e3o Nacional da Distribui\u00e7\u00e3o dos Ve\u00edculos Automotores (Fenabrave). Apenas os \u00f4nibus apresentaram alta de 10,66% e os caminh\u00f5es, de 3,53%.<\/p>\n<p>\u00d4nibus e caminh\u00f5es tiveram alta de 12,03% no m\u00eas de dezembro, na compara\u00e7\u00e3o com novembro. Houve alta de 44,74% quando comparado a dezembro de 2016.<\/p>\n<p>Considerando somente o segmento de \u00f4nibus, o crescimento foi de 10,86% em dezembro, na compara\u00e7\u00e3o com novembro. Em rela\u00e7\u00e3o a dezembro de 2016, houve aumento expressivo de 72,92%.<\/p>\n<p>O mercado de caminh\u00f5es registrou alta de 12,34% em dezembro, na compara\u00e7\u00e3o com novembro. Se comparado a dezembro de 2016, a eleva\u00e7\u00e3o foi de 38,87%.<\/p>\n<p>A expectativa da Fenabrave \u00e9 de manuten\u00e7\u00e3o do clima favor\u00e1vel \u00e0s vendas, com a chegada de um novo ciclo de crescimento em 2018. A proje\u00e7\u00e3o para caminh\u00f5es e \u00f4nibus \u00e9 de crescimento de 8,6%, sendo 9,5% para caminh\u00f5es, 5,4% para \u00f4nibus e 7,8% para implementos rodovi\u00e1rios.<\/p>\n<p>Edi\u00e7\u00e3o: Gra\u00e7a Adjuto<\/p>\n","protected":false},"excerpt":{"rendered":"<p>O setor de \u00f4nibus e caminh\u00f5es do pa\u00eds comercializou 67.168 unidades novas durante o ano passado, com alta de 5,05% em rela\u00e7\u00e3o a 2016, segundo dados da Federa\u00e7\u00e3o Nacional da Distribui\u00e7\u00e3o dos Ve\u00edculos Automotores (Fenabrave). Apenas os \u00f4nibus apresentaram alta de 10,66% e os caminh\u00f5es, de 3,53%. \u00d4nibus e caminh\u00f5es tiveram alta de 12,03% no &hellip;<\/p>\n","protected":false},"author":2,"featured_media":12163,"comment_status":"open","ping_status":"open","sticky":false,"template":"","format":"standard","meta":{"_exactmetrics_skip_tracking":false,"_exactmetrics_sitenote_active":false,"_exactmetrics_sitenote_note":"","_exactmetrics_sitenote_category":0,"footnotes":""},"categories":[4],"tags":[],"_links":{"self":[{"href":"https:\/\/goiasemtempo.com.br\/home\/wp-json\/wp\/v2\/posts\/12462"}],"collection":[{"href":"https:\/\/goiasemtempo.com.br\/home\/wp-json\/wp\/v2\/posts"}],"about":[{"href":"https:\/\/goiasemtempo.com.br\/home\/wp-json\/wp\/v2\/types\/post"}],"author":[{"embeddable":true,"href":"https:\/\/goiasemtempo.com.br\/home\/wp-json\/wp\/v2\/users\/2"}],"replies":[{"embeddable":true,"href":"https:\/\/goiasemtempo.com.br\/home\/wp-json\/wp\/v2\/comments?post=12462"}],"version-history":[{"count":1,"href":"https:\/\/goiasemtempo.com.br\/home\/wp-json\/wp\/v2\/posts\/12462\/revisions"}],"predecessor-version":[{"id":12463,"href":"https:\/\/goiasemtempo.com.br\/home\/wp-json\/wp\/v2\/posts\/12462\/revisions\/12463"}],"wp:featuredmedia":[{"embeddable":true,"href":"https:\/\/goiasemtempo.com.br\/home\/wp-json\/wp\/v2\/media\/12163"}],"wp:attachment":[{"href":"https:\/\/goiasemtempo.com.br\/home\/wp-json\/wp\/v2\/media?parent=12462"}],"wp:term":[{"taxonomy":"category","embeddable":true,"href":"https:\/\/goiasemtempo.com.br\/home\/wp-json\/wp\/v2\/categories?post=12462"},{"taxonomy":"post_tag","embeddable":true,"href":"https:\/\/goiasemtempo.com.br\/home\/wp-json\/wp\/v2\/tags?post=12462"}],"curies":[{"name":"wp","href":"https:\/\/api.w.org\/{rel}","templated":true}]}}