{"id":12392,"date":"2018-01-19T17:01:42","date_gmt":"2018-01-19T17:01:42","guid":{"rendered":"https:\/\/goiasemtempo.com.br\/home\/?p=12392"},"modified":"2018-01-19T17:01:42","modified_gmt":"2018-01-19T17:01:42","slug":"ira-levanta-restricoes-impostas-ao-telegram","status":"publish","type":"post","link":"https:\/\/goiasemtempo.com.br\/home\/ira-levanta-restricoes-impostas-ao-telegram\/","title":{"rendered":"Ir\u00e3 levanta restri\u00e7\u00f5es impostas ao Telegram"},"content":{"rendered":"<p>O Ir\u00e3 levantou na madrugada deste domingo as restri\u00e7\u00f5es \u00e0 rede social Telegram, impostas durante os recentes tumultos sangrentos em v\u00e1rias cidades do pa\u00eds, constataram jornalistas da AFP.<\/p>\n<p>A informa\u00e7\u00e3o sobre o final do controle do Telegram \u00e9 correta, confirmou \u00e0 AFP um rela\u00e7\u00f5es p\u00fablicas no Minist\u00e9rio das Telecomunica\u00e7\u00f5es. Este aplicativo de mensagens criptografadas voltou a ser acess\u00edvel a partir da rede telef\u00f4nica.<\/p>\n<p>De acordo com a ag\u00eancia iraniana Isna, o controle provis\u00f3rio do Telegram e algumas restri\u00e7\u00f5es aplicadas nessas duas \u00faltimas semanas (&#8230;) foram totalmente levantadas sob a ordem do Presidente da Rep\u00fablica, Hassan Rohani.<\/p>\n<p>As manifesta\u00e7\u00f5es contra o alto custo de vida e o governo, de 28 de dezembro a 1 de janeiro, provocaram uma onda de dist\u00farbios em dezenas de cidades. Essas alterca\u00e7\u00f5es deixaram 21 mortos, principalmente manifestantes.<\/p>\n<p>Durante esses tumultos, as autoridades cortaram o acesso ao Telegram e ao Instagram a partir de telefones celulares e acusaram grupos contra-revolucion\u00e1rios no exterior de usar essas redes para convocar manifesta\u00e7\u00f5es.<\/p>\n<p>O acesso total ao Instagram foi restabelecido em 6 de janeiro, mas o acesso ao Telegram s\u00f3 era poss\u00edvel usando uma VPN (rede privada virtual).<\/p>\n<p>O Telegram, que tem mais de 25 milh\u00f5es de usu\u00e1rios di\u00e1rios, \u00e9 a rede social mais popular no Ir\u00e3.<\/p>\n<p>Desde as grandes manifesta\u00e7\u00f5es em 2009 contra a reelei\u00e7\u00e3o do ex-presidente Mahmud Ahmadinejad, Facebook, Twitter e YouTube est\u00e3o bloqueadas no Ir\u00e3, mas podem ser acessados via VPN.<\/p>\n","protected":false},"excerpt":{"rendered":"<p>O Ir\u00e3 levantou na madrugada deste domingo as restri\u00e7\u00f5es \u00e0 rede social Telegram, impostas durante os recentes tumultos sangrentos em v\u00e1rias cidades do pa\u00eds, constataram jornalistas da AFP. A informa\u00e7\u00e3o sobre o final do controle do Telegram \u00e9 correta, confirmou \u00e0 AFP um rela\u00e7\u00f5es p\u00fablicas no Minist\u00e9rio das Telecomunica\u00e7\u00f5es. Este aplicativo de mensagens criptografadas voltou &hellip;<\/p>\n","protected":false},"author":2,"featured_media":12128,"comment_status":"open","ping_status":"open","sticky":false,"template":"","format":"standard","meta":{"footnotes":""},"categories":[4],"tags":[],"class_list":["post-12392","post","type-post","status-publish","format-standard","has-post-thumbnail","hentry","category-ultimas-noticias"],"_links":{"self":[{"href":"https:\/\/goiasemtempo.com.br\/home\/wp-json\/wp\/v2\/posts\/12392","targetHints":{"allow":["GET"]}}],"collection":[{"href":"https:\/\/goiasemtempo.com.br\/home\/wp-json\/wp\/v2\/posts"}],"about":[{"href":"https:\/\/goiasemtempo.com.br\/home\/wp-json\/wp\/v2\/types\/post"}],"author":[{"embeddable":true,"href":"https:\/\/goiasemtempo.com.br\/home\/wp-json\/wp\/v2\/users\/2"}],"replies":[{"embeddable":true,"href":"https:\/\/goiasemtempo.com.br\/home\/wp-json\/wp\/v2\/comments?post=12392"}],"version-history":[{"count":1,"href":"https:\/\/goiasemtempo.com.br\/home\/wp-json\/wp\/v2\/posts\/12392\/revisions"}],"predecessor-version":[{"id":12393,"href":"https:\/\/goiasemtempo.com.br\/home\/wp-json\/wp\/v2\/posts\/12392\/revisions\/12393"}],"wp:featuredmedia":[{"embeddable":true,"href":"https:\/\/goiasemtempo.com.br\/home\/wp-json\/wp\/v2\/media\/12128"}],"wp:attachment":[{"href":"https:\/\/goiasemtempo.com.br\/home\/wp-json\/wp\/v2\/media?parent=12392"}],"wp:term":[{"taxonomy":"category","embeddable":true,"href":"https:\/\/goiasemtempo.com.br\/home\/wp-json\/wp\/v2\/categories?post=12392"},{"taxonomy":"post_tag","embeddable":true,"href":"https:\/\/goiasemtempo.com.br\/home\/wp-json\/wp\/v2\/tags?post=12392"}],"curies":[{"name":"wp","href":"https:\/\/api.w.org\/{rel}","templated":true}]}}