{"id":11645,"date":"2018-01-17T17:34:06","date_gmt":"2018-01-17T17:34:06","guid":{"rendered":"https:\/\/goiasemtempo.com.br\/home\/?p=11645"},"modified":"2018-01-17T17:34:06","modified_gmt":"2018-01-17T17:34:06","slug":"vice-presidente-do-uruguai-enfrenta-seu-partido-em-meio-a-escandalo","status":"publish","type":"post","link":"https:\/\/goiasemtempo.com.br\/home\/vice-presidente-do-uruguai-enfrenta-seu-partido-em-meio-a-escandalo\/","title":{"rendered":"Vice-presidente do Uruguai enfrenta seu partido em meio a esc\u00e2ndalo"},"content":{"rendered":"<p>O vice-presidente do Uruguai, Ra\u00fal Sendic, envolvido em um esc\u00e2ndalo pelo uso de cart\u00f5es corporativos oficiais e de um t\u00edtulo acad\u00eamico falso, enfrentar\u00e1 no s\u00e1bado o \u00f3rg\u00e3o m\u00e1ximo do partido do governo, em meio a pedidos para que renuncie.<\/p>\n<p>Sendic, de 55 anos, vice-presidente desde 2015, vai participar do Plen\u00e1rio da Frente Ampla para dar explica\u00e7\u00f5es sobre suas a\u00e7\u00f5es, ap\u00f3s um tribunal de \u00e9tica de seu grupo pol\u00edtico apontar que ele teve um modo de proceder inaceit\u00e1vel na utiliza\u00e7\u00e3o de dinheiro p\u00fablico.<\/p>\n<p>Em fevereiro de 2016, Sendic admitiu em uma entrevista que n\u00e3o tinha o t\u00edtulo de licenciatura em Gen\u00e9tica Humana obtido em Cuba, com o qual se apresentava. Ele foi questionado politicamente dentro e fora de seu partido.<\/p>\n<p>A publica\u00e7\u00e3o, neste ano, dos gastos realizados com seu cart\u00e3o corporativo em lojas esportivas e de luxo quando era presidente da estatal petroleira ANCAP durante o governo anterior lhe botou contra a parede. Ele foi chamado a se apresentar no Tribunal de Conduta Pol\u00edtica (tribunal de \u00e9tica) da Frente Ampla.<\/p>\n<p>A decis\u00e3o desta inst\u00e2ncia intra partid\u00e1ria foi negativa para o companheiro de chapa escolhido pelo presidente Tabar\u00e9 V\u00e1zquez.<\/p>\n<p>O quadro geral que apresentam os atos resumidos do companheiro Sendic n\u00e3o deixa d\u00favidas de um modo de proceder inaceit\u00e1vel na utiliza\u00e7\u00e3o do dinheiro p\u00fablico, e sua atua\u00e7\u00e3o comprometeu sua responsabilidade \u00e9tica e pol\u00edtica, com o descumprimento reiterado das normas de controle, aponta o texto.<\/p>\n<p>Sendic, que tinha condicionado qualquer decis\u00e3o sobre sua perman\u00eancia no cargo ao pronunciamento deste tribunal e da Justi\u00e7a, que tamb\u00e9m est\u00e1 lhe investigando, disse que vai continuar na vice-presid\u00eancia.<\/p>\n<p>V\u00e1zquez, contudo, declarou \u00e0 imprensa que, se tivesse sido questionado pelo tribunal de \u00e9tica do seu partido, teria deixado o cargo que ocupa.<\/p>\n<p>Apesar da mensagem, o presidente n\u00e3o pode afastar o vice. No setor pol\u00edtico de Sendic, classificaram a decis\u00e3o como desproporcional. O vice-presidente disse que no s\u00e1bado vai ao Plen\u00e1rio da Frente Ampla se defender e provar sua inoc\u00eancia.<\/p>\n<p>O esc\u00e2ndalo ocupou o governo V\u00e1zquez no setor dom\u00e9stico.<\/p>\n<p>Embora Sendic tenha recebido respaldo da Frente Ampla, as vozes que pedem sua ren\u00fancia se multiplicam no seio da coaliz\u00e3o de esquerda que governo o Uruguai desde 2005.<\/p>\n<p>O Plen\u00e1rio a portas fechadas deve terminar na tarde de s\u00e1bado. Enquanto isso, as reuni\u00f5es continuam freneticamente para tentar chegar a um consenso que n\u00e3o mostre um partido dividido.<\/p>\n","protected":false},"excerpt":{"rendered":"<p>O vice-presidente do Uruguai, Ra\u00fal Sendic, envolvido em um esc\u00e2ndalo pelo uso de cart\u00f5es corporativos oficiais e de um t\u00edtulo acad\u00eamico falso, enfrentar\u00e1 no s\u00e1bado o \u00f3rg\u00e3o m\u00e1ximo do partido do governo, em meio a pedidos para que renuncie. Sendic, de 55 anos, vice-presidente desde 2015, vai participar do Plen\u00e1rio da Frente Ampla para dar &hellip;<\/p>\n","protected":false},"author":2,"featured_media":11453,"comment_status":"open","ping_status":"open","sticky":false,"template":"","format":"standard","meta":{"_exactmetrics_skip_tracking":false,"_exactmetrics_sitenote_active":false,"_exactmetrics_sitenote_note":"","_exactmetrics_sitenote_category":0,"footnotes":""},"categories":[4],"tags":[],"_links":{"self":[{"href":"https:\/\/goiasemtempo.com.br\/home\/wp-json\/wp\/v2\/posts\/11645"}],"collection":[{"href":"https:\/\/goiasemtempo.com.br\/home\/wp-json\/wp\/v2\/posts"}],"about":[{"href":"https:\/\/goiasemtempo.com.br\/home\/wp-json\/wp\/v2\/types\/post"}],"author":[{"embeddable":true,"href":"https:\/\/goiasemtempo.com.br\/home\/wp-json\/wp\/v2\/users\/2"}],"replies":[{"embeddable":true,"href":"https:\/\/goiasemtempo.com.br\/home\/wp-json\/wp\/v2\/comments?post=11645"}],"version-history":[{"count":1,"href":"https:\/\/goiasemtempo.com.br\/home\/wp-json\/wp\/v2\/posts\/11645\/revisions"}],"predecessor-version":[{"id":11646,"href":"https:\/\/goiasemtempo.com.br\/home\/wp-json\/wp\/v2\/posts\/11645\/revisions\/11646"}],"wp:featuredmedia":[{"embeddable":true,"href":"https:\/\/goiasemtempo.com.br\/home\/wp-json\/wp\/v2\/media\/11453"}],"wp:attachment":[{"href":"https:\/\/goiasemtempo.com.br\/home\/wp-json\/wp\/v2\/media?parent=11645"}],"wp:term":[{"taxonomy":"category","embeddable":true,"href":"https:\/\/goiasemtempo.com.br\/home\/wp-json\/wp\/v2\/categories?post=11645"},{"taxonomy":"post_tag","embeddable":true,"href":"https:\/\/goiasemtempo.com.br\/home\/wp-json\/wp\/v2\/tags?post=11645"}],"curies":[{"name":"wp","href":"https:\/\/api.w.org\/{rel}","templated":true}]}}