{"id":11174,"date":"2018-01-16T16:09:33","date_gmt":"2018-01-16T16:09:33","guid":{"rendered":"https:\/\/goiasemtempo.com.br\/home\/?p=11174"},"modified":"2018-01-16T16:09:33","modified_gmt":"2018-01-16T16:09:33","slug":"governo-da-sinal-verde-para-pf-criar-policia-de-fronteira","status":"publish","type":"post","link":"https:\/\/goiasemtempo.com.br\/home\/governo-da-sinal-verde-para-pf-criar-policia-de-fronteira\/","title":{"rendered":"Governo d\u00e1 sinal verde para PF criar pol\u00edcia de fronteira"},"content":{"rendered":"<p>O presidente <a href=\"https:\/\/veja.abril.com.br\/noticias-sobre\/michel-temer\/\"><strong>Michel Temer<\/strong><\/a><strong>(<a href=\"https:\/\/veja.abril.com.br\/noticias-sobre\/pmdb\/\">PMDB<\/a>)<\/strong> teve um encontro na segunda-feira (15) com o diretor-geral da <a href=\"https:\/\/veja.abril.com.br\/noticias-sobre\/pf\/\"><strong>Pol\u00edcia Federal<\/strong><\/a> (PF), <a href=\"https:\/\/veja.abril.com.br\/noticias-sobre\/fernando-segovia\/\"><strong>Fernando Segovia<\/strong><\/a>, no Pal\u00e1cio do Planalto, para discutir a cria\u00e7\u00e3o de uma pol\u00edcia fardada de fronteira. A nova classe de policiais a ser criada dentro da PF teria como finalidade atuar de forma ostensiva nas divisas do pa\u00eds com seus vizinhos.<\/p>\n<p>O projeto para cria\u00e7\u00e3o de uma pol\u00edcia fardada de atua\u00e7\u00e3o exclusiva nas fronteiras vinha sendo discutido desde a gest\u00e3o do antecessor de Segovia,\u00a0<strong>Leandro Daiello<\/strong>, e agora tem o apoio do governo federal para sair do papel. Nesta ter\u00e7a-feira (16) o diretor-geral vai reunir-se com integrantes da institui\u00e7\u00e3o e representantes das carreiras da PF.<\/p>\n<p>A forma\u00e7\u00e3o dessa pol\u00edcia de fronteira ainda depende da cria\u00e7\u00e3o de uma nova carreira dentro da PF, com atribui\u00e7\u00f5es espec\u00edficas. Participar\u00e3o da reuni\u00e3o com Segovia, entre outros, representantes dos delegados, dos peritos criminais, dos agentes papiloscopistas e escriv\u00e3es.<\/p>\n<p>Al\u00e9m de Temer e Segovia, o subchefe para Assuntos Jur\u00eddicos da Casa Civil, <strong>Gustavo Rocha<\/strong>, tamb\u00e9m estava na reuni\u00e3o. O ministro da Justi\u00e7a, <a href=\"https:\/\/veja.abril.com.br\/noticias-sobre\/torquato-jardim\/\"><strong>Torquato Jardim<\/strong><\/a>, n\u00e3o participou, mas disse que conversou com Segovia assim que ele saiu do Planalto. Segundo o ministro, essa PF fardada \u201c\u00e9 projeto antigo revisitado\u201d, mas ainda n\u00e3o h\u00e1 uma determina\u00e7\u00e3o do prazo em que a proposta pode ser finalizada.<\/p>\n<p>A pouca fiscaliza\u00e7\u00e3o por parte do governo federal nos limites do pa\u00eds tem sido criticada por governos estaduais e municipais. A aus\u00eancia das for\u00e7as federais nessas regi\u00f5es tem sido utilizada como explica\u00e7\u00e3o para problemas de seguran\u00e7a p\u00fablica causados nos centros urbanos pelo crime organizado ligado ao narcotr\u00e1fico. O Brasil tem mais de 15 mil quil\u00f4metros de fronteiras com diversos pa\u00edses, alguns com rotas do narcotr\u00e1fico ou mesmo produtores de drogas, como\u00a0<a href=\"https:\/\/veja.abril.com.br\/noticias-sobre\/bolivia\/\"><strong>Bol\u00edvia<\/strong><\/a>,\u00a0<a href=\"https:\/\/veja.abril.com.br\/noticias-sobre\/peru\/\"><strong>Peru<\/strong><\/a>\u00a0e\u00a0<a href=\"https:\/\/veja.abril.com.br\/noticias-sobre\/colombia\/\"><strong>Col\u00f4mbia<\/strong><\/a>\u00a0e\u00a0<a href=\"https:\/\/veja.abril.com.br\/noticias-sobre\/paraguai\/\"><strong>Paraguai<\/strong><\/a>.<\/p>\n","protected":false},"excerpt":{"rendered":"<p>O presidente Michel Temer(PMDB) teve um encontro na segunda-feira (15) com o diretor-geral da Pol\u00edcia Federal (PF), Fernando Segovia, no Pal\u00e1cio do Planalto, para discutir a cria\u00e7\u00e3o de uma pol\u00edcia fardada de fronteira. A nova classe de policiais a ser criada dentro da PF teria como finalidade atuar de forma ostensiva nas divisas do pa\u00eds &hellip;<\/p>\n","protected":false},"author":3,"featured_media":11175,"comment_status":"open","ping_status":"open","sticky":false,"template":"","format":"standard","meta":{"_exactmetrics_skip_tracking":false,"_exactmetrics_sitenote_active":false,"_exactmetrics_sitenote_note":"","_exactmetrics_sitenote_category":0,"footnotes":""},"categories":[6],"tags":[],"_links":{"self":[{"href":"https:\/\/goiasemtempo.com.br\/home\/wp-json\/wp\/v2\/posts\/11174"}],"collection":[{"href":"https:\/\/goiasemtempo.com.br\/home\/wp-json\/wp\/v2\/posts"}],"about":[{"href":"https:\/\/goiasemtempo.com.br\/home\/wp-json\/wp\/v2\/types\/post"}],"author":[{"embeddable":true,"href":"https:\/\/goiasemtempo.com.br\/home\/wp-json\/wp\/v2\/users\/3"}],"replies":[{"embeddable":true,"href":"https:\/\/goiasemtempo.com.br\/home\/wp-json\/wp\/v2\/comments?post=11174"}],"version-history":[{"count":1,"href":"https:\/\/goiasemtempo.com.br\/home\/wp-json\/wp\/v2\/posts\/11174\/revisions"}],"predecessor-version":[{"id":11176,"href":"https:\/\/goiasemtempo.com.br\/home\/wp-json\/wp\/v2\/posts\/11174\/revisions\/11176"}],"wp:featuredmedia":[{"embeddable":true,"href":"https:\/\/goiasemtempo.com.br\/home\/wp-json\/wp\/v2\/media\/11175"}],"wp:attachment":[{"href":"https:\/\/goiasemtempo.com.br\/home\/wp-json\/wp\/v2\/media?parent=11174"}],"wp:term":[{"taxonomy":"category","embeddable":true,"href":"https:\/\/goiasemtempo.com.br\/home\/wp-json\/wp\/v2\/categories?post=11174"},{"taxonomy":"post_tag","embeddable":true,"href":"https:\/\/goiasemtempo.com.br\/home\/wp-json\/wp\/v2\/tags?post=11174"}],"curies":[{"name":"wp","href":"https:\/\/api.w.org\/{rel}","templated":true}]}}