{"id":11168,"date":"2018-01-16T13:29:37","date_gmt":"2018-01-16T13:29:37","guid":{"rendered":"https:\/\/goiasemtempo.com.br\/home\/?p=11168"},"modified":"2018-01-16T13:29:37","modified_gmt":"2018-01-16T13:29:37","slug":"rio-tem-quatro-casos-de-febre-amarela-confirmados-este-ano","status":"publish","type":"post","link":"https:\/\/goiasemtempo.com.br\/home\/rio-tem-quatro-casos-de-febre-amarela-confirmados-este-ano\/","title":{"rendered":"Rio tem quatro casos de febre amarela confirmados este ano"},"content":{"rendered":"<p>A Secretaria de Estado de Sa\u00fade do Rio de Janeiro confirmou nesta segunda-feira (15) a ocorr\u00eancia de mais dois casos de febre amarela em humanos no territ\u00f3rio fluminense. Dois moradores de Valen\u00e7a, no centro-sul do estado, morreram ap\u00f3s contrair a doen\u00e7a. O resultado foi confirmado ap\u00f3s exames laboratoriais realizados pela Fiocruz. Com isso, chega a quatro o n\u00famero de casos confirmados e a tr\u00eas, o de mortos pela doen\u00e7a este ano. A outra morte foi em Teres\u00f3polis, na regi\u00e3o serrana.<\/p>\n<p>Em nota divulgada nesta noite, a secretaria informou que vem adotando medidas preventivas. Segundo a secretaria, antes de serem registrados os primeiros casos no territ\u00f3rio fluminense, teve in\u00edcio a cria\u00e7\u00e3o de cintur\u00f5es de bloqueio, recomendando-se a vacina\u00e7\u00e3o contra a febre amarela principalmente em munic\u00edpios da divisa com os estados do Esp\u00edrito Santo e de Minas Gerai, considerados \u00e1reas de risco para a doen\u00e7a.<\/p>\n<p>\u201cVale destacar que, desde julho do ano passado, todos os 92 munic\u00edpios do estado [do Rio] j\u00e1 est\u00e3o inclu\u00eddos na \u00e1rea de recomenda\u00e7\u00e3o da vacina e a campanha de vacina\u00e7\u00e3o permanece\u201d, diz a nota.<\/p>\n<p>A secretaria acrescenta que os casos registrados at\u00e9 agora s\u00e3o do tipo silvestre, transmitido pelas esp\u00e9cies de mosquito<i>\u00a0Haemagogus<\/i>\u00a0e\u00a0<i>Sabeths<\/i>, presentes em \u00e1reas de mata. A nota ressalta que n\u00e3o h\u00e1 registro da forma urbana da doen\u00e7a, transmitida pelo\u00a0<i>Aedes aegypti<\/i>, desde 1942 no pa\u00eds.<\/p>\n<p>De acordo com a secretaria, as pessoas que ainda n\u00e3o se vacinaram devem buscar um posto de sa\u00fade pr\u00f3ximo de casa para fazer a imuniza\u00e7\u00e3o.<\/p>\n<p><b>Corpos de macacos encontrados perto da Floresta da Tijuca ser\u00e3o analisados<\/b><\/p>\n<p>Os corpos de quatro macacos prego encontrados na manh\u00e3 de segunda-feira (15) na Rua Alves C\u00e2mara, entre o Alto da Boa Vista e a Usina, pr\u00f3ximo \u00e0 Floresta da Tijuca, no Rio de Janeiro, ser\u00e3o encaminhados para a Funda\u00e7\u00e3o Oswaldo Cruz (Fiocruz) para que sejam feitos exames para identificar se estavam infectados pelo v\u00edrus da febre amarela.<\/p>\n<p>Os animais mortos foram recolhidos por uma equipe do Instituto Chico Mendes de Conserva\u00e7\u00e3o da Biodiversidade (ICMBio) e um pela equipe da Subsecretaria de Vigil\u00e2ncia, Fiscaliza\u00e7\u00e3o Sanit\u00e1ria e Controle de Zoonoses da Secretaria Municipal de Sa\u00fade.<\/p>\n<p>Segundo a Prefeitura do Rio, os animais foram levados inicialmente para a Unidade de Medicina Veterin\u00e1ria Jorge Vaitsman, na Mangueira, para necr\u00f3psia e uma primeira avalia\u00e7\u00e3o, e posteriormente, ser\u00e3o encaminhados para a Fiocruz para a an\u00e1lise final.<\/p>\n<p><i>Com Ag\u00eancia Brasil<\/i><\/p>\n","protected":false},"excerpt":{"rendered":"<p>A Secretaria de Estado de Sa\u00fade do Rio de Janeiro confirmou nesta segunda-feira (15) a ocorr\u00eancia de mais dois casos de febre amarela em humanos no territ\u00f3rio fluminense. Dois moradores de Valen\u00e7a, no centro-sul do estado, morreram ap\u00f3s contrair a doen\u00e7a. O resultado foi confirmado ap\u00f3s exames laboratoriais realizados pela Fiocruz. Com isso, chega a &hellip;<\/p>\n","protected":false},"author":3,"featured_media":11169,"comment_status":"open","ping_status":"open","sticky":false,"template":"","format":"standard","meta":{"footnotes":""},"categories":[4],"tags":[],"class_list":["post-11168","post","type-post","status-publish","format-standard","has-post-thumbnail","hentry","category-ultimas-noticias"],"_links":{"self":[{"href":"https:\/\/goiasemtempo.com.br\/home\/wp-json\/wp\/v2\/posts\/11168","targetHints":{"allow":["GET"]}}],"collection":[{"href":"https:\/\/goiasemtempo.com.br\/home\/wp-json\/wp\/v2\/posts"}],"about":[{"href":"https:\/\/goiasemtempo.com.br\/home\/wp-json\/wp\/v2\/types\/post"}],"author":[{"embeddable":true,"href":"https:\/\/goiasemtempo.com.br\/home\/wp-json\/wp\/v2\/users\/3"}],"replies":[{"embeddable":true,"href":"https:\/\/goiasemtempo.com.br\/home\/wp-json\/wp\/v2\/comments?post=11168"}],"version-history":[{"count":1,"href":"https:\/\/goiasemtempo.com.br\/home\/wp-json\/wp\/v2\/posts\/11168\/revisions"}],"predecessor-version":[{"id":11170,"href":"https:\/\/goiasemtempo.com.br\/home\/wp-json\/wp\/v2\/posts\/11168\/revisions\/11170"}],"wp:featuredmedia":[{"embeddable":true,"href":"https:\/\/goiasemtempo.com.br\/home\/wp-json\/wp\/v2\/media\/11169"}],"wp:attachment":[{"href":"https:\/\/goiasemtempo.com.br\/home\/wp-json\/wp\/v2\/media?parent=11168"}],"wp:term":[{"taxonomy":"category","embeddable":true,"href":"https:\/\/goiasemtempo.com.br\/home\/wp-json\/wp\/v2\/categories?post=11168"},{"taxonomy":"post_tag","embeddable":true,"href":"https:\/\/goiasemtempo.com.br\/home\/wp-json\/wp\/v2\/tags?post=11168"}],"curies":[{"name":"wp","href":"https:\/\/api.w.org\/{rel}","templated":true}]}}