{"id":11026,"date":"2018-01-14T16:32:59","date_gmt":"2018-01-14T16:32:59","guid":{"rendered":"https:\/\/goiasemtempo.com.br\/home\/?p=11026"},"modified":"2018-01-14T16:32:59","modified_gmt":"2018-01-14T16:32:59","slug":"trump-prorroga-pela-ultima-vez-suspensao-de-sancoes-ao-ira","status":"publish","type":"post","link":"https:\/\/goiasemtempo.com.br\/home\/trump-prorroga-pela-ultima-vez-suspensao-de-sancoes-ao-ira\/","title":{"rendered":"Trump prorroga pela \u00faltima vez suspens\u00e3o de san\u00e7\u00f5es ao Ir\u00e3"},"content":{"rendered":"<p>O presidente americano, Donald Trump, prorrogar\u00e1 a suspens\u00e3o das san\u00e7\u00f5es econ\u00f4micas contra o Ir\u00e3 no \u00e2mbito do acordo nuclear, mas pela \u00faltima vez &#8211; anunciou a Casa Branca nesta sexta-feira (12).<\/p>\n<p>Nos pr\u00f3ximos 120 dias, quando dever\u00e1 renovar novamente a retirada das san\u00e7\u00f5es, o presidente tentar\u00e1 trabalhar com nossos s\u00f3cios europeus em um acordo que possa endurecer as condi\u00e7\u00f5es do acordo alcan\u00e7ado em 2015 entre Teer\u00e3 e as grandes pot\u00eancias, declarou \u00e0 imprensa um funcion\u00e1rio de alto escal\u00e3o do governo.<\/p>\n<p>Quando anunciou o adiamento da decis\u00e3o, o Tesouro americano tamb\u00e9m imp\u00f4s san\u00e7\u00f5es a 14 pessoas e empresas iranianos, inclusive o l\u00edder do Judici\u00e1rio do pa\u00eds, Sadegh Amoli Larijani.<\/p>\n<p>Em seu pronunciamento, o presidente vai deixar claro que \u00e9 a \u00faltima vez que ele vai fazer esse adiamento, disse o oficial da Casa Branca.<\/p>\n<p>O funcion\u00e1rio indicou que Trump agora quer trabalhar com os aliados europeus dos Estados Unidos &#8211; que pediram para ele se manter no acordo &#8211; para desenvolver um novo tratado que substitua o atual.<\/p>\n<p>Teer\u00e3 n\u00e3o se envolveria nessas discuss\u00f5es, como aconteceu no acordo de 2015, mas seria alvo de san\u00e7\u00f5es americanas e europeias, se n\u00e3o cumprisse os termos do novo arranjo.<\/p>\n<p>Ele seria voltado para o programa de m\u00edsseis do Ir\u00e3, e n\u00e3o apenas para a ind\u00fastria nuclear, exigindo inspe\u00e7\u00f5es da ONU no pa\u00eds.<\/p>\n<p>Se o presidente conseguir um acordo que alcance seu objetivo e ele nunca expirar, ele vai tirar do Ir\u00e3 qualquer caminho para armas nucleares para sempre, n\u00e3o por dez anos. Ele estaria aberto a ficar em um acordo modificado assim, disse o funcion\u00e1rio.<\/p>\n<p>Nesta sexta, Trump pediu aos pa\u00edses europeus que ajudem a superar as falhas desastrosas do acordo nuclear internacional com o Ir\u00e3. Ele amea\u00e7ou se retirar do pacto, se essa demanda n\u00e3o for atendida.<\/p>\n<p>Ainda n\u00e3o retirei os Estados Unidos do acordo nuclear com o Ir\u00e3, apontou o presidente, em um comunicado.<\/p>\n<p>Em troca, delineei alguns caminhos: ou se corrigem essas desastrosas, ou os Estados Unidos v\u00e3o se retirar, prometeu.<\/p>\n","protected":false},"excerpt":{"rendered":"<p>O presidente americano, Donald Trump, prorrogar\u00e1 a suspens\u00e3o das san\u00e7\u00f5es econ\u00f4micas contra o Ir\u00e3 no \u00e2mbito do acordo nuclear, mas pela \u00faltima vez &#8211; anunciou a Casa Branca nesta sexta-feira (12). Nos pr\u00f3ximos 120 dias, quando dever\u00e1 renovar novamente a retirada das san\u00e7\u00f5es, o presidente tentar\u00e1 trabalhar com nossos s\u00f3cios europeus em um acordo que &hellip;<\/p>\n","protected":false},"author":2,"featured_media":10836,"comment_status":"open","ping_status":"open","sticky":false,"template":"","format":"standard","meta":{"footnotes":""},"categories":[4],"tags":[],"class_list":["post-11026","post","type-post","status-publish","format-standard","has-post-thumbnail","hentry","category-ultimas-noticias"],"_links":{"self":[{"href":"https:\/\/goiasemtempo.com.br\/home\/wp-json\/wp\/v2\/posts\/11026","targetHints":{"allow":["GET"]}}],"collection":[{"href":"https:\/\/goiasemtempo.com.br\/home\/wp-json\/wp\/v2\/posts"}],"about":[{"href":"https:\/\/goiasemtempo.com.br\/home\/wp-json\/wp\/v2\/types\/post"}],"author":[{"embeddable":true,"href":"https:\/\/goiasemtempo.com.br\/home\/wp-json\/wp\/v2\/users\/2"}],"replies":[{"embeddable":true,"href":"https:\/\/goiasemtempo.com.br\/home\/wp-json\/wp\/v2\/comments?post=11026"}],"version-history":[{"count":1,"href":"https:\/\/goiasemtempo.com.br\/home\/wp-json\/wp\/v2\/posts\/11026\/revisions"}],"predecessor-version":[{"id":11028,"href":"https:\/\/goiasemtempo.com.br\/home\/wp-json\/wp\/v2\/posts\/11026\/revisions\/11028"}],"wp:featuredmedia":[{"embeddable":true,"href":"https:\/\/goiasemtempo.com.br\/home\/wp-json\/wp\/v2\/media\/10836"}],"wp:attachment":[{"href":"https:\/\/goiasemtempo.com.br\/home\/wp-json\/wp\/v2\/media?parent=11026"}],"wp:term":[{"taxonomy":"category","embeddable":true,"href":"https:\/\/goiasemtempo.com.br\/home\/wp-json\/wp\/v2\/categories?post=11026"},{"taxonomy":"post_tag","embeddable":true,"href":"https:\/\/goiasemtempo.com.br\/home\/wp-json\/wp\/v2\/tags?post=11026"}],"curies":[{"name":"wp","href":"https:\/\/api.w.org\/{rel}","templated":true}]}}