{"id":11004,"date":"2018-01-14T16:26:35","date_gmt":"2018-01-14T16:26:35","guid":{"rendered":"https:\/\/goiasemtempo.com.br\/home\/?p=11004"},"modified":"2018-01-14T16:26:35","modified_gmt":"2018-01-14T16:26:35","slug":"lider-da-ku-klux-klan-morre-na-prisao","status":"publish","type":"post","link":"https:\/\/goiasemtempo.com.br\/home\/lider-da-ku-klux-klan-morre-na-prisao\/","title":{"rendered":"L\u00edder da Ku Klux Klan morre na pris\u00e3o"},"content":{"rendered":"<p>Um l\u00edder da Ku Klux Klan condenado pelos assassinatos de tr\u00eas defensores dos direitos civis, em um caso que ficou conhecido pelo filme Mississippi em Chamas, morreu na pris\u00e3o, informaram autoridades nesta sexta-feira.<\/p>\n<p>Edgar Ray Killen cumpria uma pena de pris\u00e3o de 60 anos por liderar os assassinatos, em 1964, de tr\u00eas homens que estavam no estado do sul dos EUA participando de uma campanha para registrar eleitores negros.<\/p>\n<p>O caso inflamou a opini\u00e3o p\u00fablica contra a segrega\u00e7\u00e3o e ajudou a levar \u00e0 aprova\u00e7\u00e3o da Lei de Direitos Civis. Ele tamb\u00e9m inspirou o filme de 1988 ganhador do Oscar: Mississippi em Chamas.<\/p>\n<p>Funcion\u00e1rios disseram que Killen, de 92 anos, morreu na \u00faltima quinta-feira.<\/p>\n<p>A causa e o modo da morte est\u00e3o pendentes de uma aut\u00f3psia, declarou o Departamento Correcional do Mississippi em um comunicado.<\/p>\n<p>Killen foi acusado de orquestrar os assassinatos dos tr\u00eas defensores dos direitos civis e pol\u00edticos &#8211; dois homens brancos e um negro: James Chaney, Andrew Goodman e Michael Schwerner.<\/p>\n","protected":false},"excerpt":{"rendered":"<p>Um l\u00edder da Ku Klux Klan condenado pelos assassinatos de tr\u00eas defensores dos direitos civis, em um caso que ficou conhecido pelo filme Mississippi em Chamas, morreu na pris\u00e3o, informaram autoridades nesta sexta-feira. Edgar Ray Killen cumpria uma pena de pris\u00e3o de 60 anos por liderar os assassinatos, em 1964, de tr\u00eas homens que estavam &hellip;<\/p>\n","protected":false},"author":2,"featured_media":10826,"comment_status":"open","ping_status":"open","sticky":false,"template":"","format":"standard","meta":{"footnotes":""},"categories":[4],"tags":[],"class_list":["post-11004","post","type-post","status-publish","format-standard","has-post-thumbnail","hentry","category-ultimas-noticias"],"_links":{"self":[{"href":"https:\/\/goiasemtempo.com.br\/home\/wp-json\/wp\/v2\/posts\/11004","targetHints":{"allow":["GET"]}}],"collection":[{"href":"https:\/\/goiasemtempo.com.br\/home\/wp-json\/wp\/v2\/posts"}],"about":[{"href":"https:\/\/goiasemtempo.com.br\/home\/wp-json\/wp\/v2\/types\/post"}],"author":[{"embeddable":true,"href":"https:\/\/goiasemtempo.com.br\/home\/wp-json\/wp\/v2\/users\/2"}],"replies":[{"embeddable":true,"href":"https:\/\/goiasemtempo.com.br\/home\/wp-json\/wp\/v2\/comments?post=11004"}],"version-history":[{"count":1,"href":"https:\/\/goiasemtempo.com.br\/home\/wp-json\/wp\/v2\/posts\/11004\/revisions"}],"predecessor-version":[{"id":11005,"href":"https:\/\/goiasemtempo.com.br\/home\/wp-json\/wp\/v2\/posts\/11004\/revisions\/11005"}],"wp:featuredmedia":[{"embeddable":true,"href":"https:\/\/goiasemtempo.com.br\/home\/wp-json\/wp\/v2\/media\/10826"}],"wp:attachment":[{"href":"https:\/\/goiasemtempo.com.br\/home\/wp-json\/wp\/v2\/media?parent=11004"}],"wp:term":[{"taxonomy":"category","embeddable":true,"href":"https:\/\/goiasemtempo.com.br\/home\/wp-json\/wp\/v2\/categories?post=11004"},{"taxonomy":"post_tag","embeddable":true,"href":"https:\/\/goiasemtempo.com.br\/home\/wp-json\/wp\/v2\/tags?post=11004"}],"curies":[{"name":"wp","href":"https:\/\/api.w.org\/{rel}","templated":true}]}}