{"id":10961,"date":"2018-01-14T16:13:13","date_gmt":"2018-01-14T16:13:13","guid":{"rendered":"https:\/\/goiasemtempo.com.br\/home\/?p=10961"},"modified":"2018-01-14T16:13:13","modified_gmt":"2018-01-14T16:13:13","slug":"novo-presidente-do-eurogrupo-se-compromete-a-reformar-zona-do-euro","status":"publish","type":"post","link":"https:\/\/goiasemtempo.com.br\/home\/novo-presidente-do-eurogrupo-se-compromete-a-reformar-zona-do-euro\/","title":{"rendered":"Novo presidente do Eurogrupo se compromete a reformar zona do euro"},"content":{"rendered":"<p>O novo presidente do Eurogrupo, o portugu\u00eas M\u00e1rio Centeno, se comprometeu nesta sexta-feira a continuar reformando a zona do euro com profunda determina\u00e7\u00e3o, durante uma cerim\u00f4nia em Paris na qual recebeu o cargo das m\u00e3os de seu antecessor, o holand\u00eas Jeroen Dijsselbloem.<\/p>\n<p>A janela de oportunidade que temos atualmente, tanto pol\u00edtica, como econ\u00f4mica, deve ser aproveitada para completar as reformas das institui\u00e7\u00f5es da zona do euro, disse o ministro de Finan\u00e7as portugu\u00eas em uma breve cerim\u00f4nia na embaixada de seu pa\u00eds na capital francesa.<\/p>\n<p>Centeno citou, entre as reformas, a uni\u00e3o banc\u00e1ria, a uni\u00e3o dos mercados de capitais e as discuss\u00f5es sobre pol\u00edtica or\u00e7ament\u00e1ria e disse estar profundamente motivado para executar seu mandato de dois anos e meio, ap\u00f3s ter sido eleito em dezembro presidente do Eurogrupo.<\/p>\n<p>Sa\u00edmos da crise, mas devemos admitir que o trabalho n\u00e3o est\u00e1 terminando, alertou, e destacou a import\u00e2ncia de satisfazer as expectativas de nossos cidad\u00e3os e construir uma zona do euro mais robusta e resistente.<\/p>\n<p>Dijsselbloem deu boas vindas ao seu sucessor, que tem forte apoio dentro do Eurogrupo para continuar avan\u00e7ando nas reformas e na moderniza\u00e7\u00e3o da zona do euro.<\/p>\n<p>O holand\u00eas, que deixa o cargo ap\u00f3s dois mandatos, simbolicamente lhe entregou o sino do Eurogrupo, usado para marcar a abertura das sess\u00f5es.<\/p>\n","protected":false},"excerpt":{"rendered":"<p>O novo presidente do Eurogrupo, o portugu\u00eas M\u00e1rio Centeno, se comprometeu nesta sexta-feira a continuar reformando a zona do euro com profunda determina\u00e7\u00e3o, durante uma cerim\u00f4nia em Paris na qual recebeu o cargo das m\u00e3os de seu antecessor, o holand\u00eas Jeroen Dijsselbloem. A janela de oportunidade que temos atualmente, tanto pol\u00edtica, como econ\u00f4mica, deve ser &hellip;<\/p>\n","protected":false},"author":2,"featured_media":10805,"comment_status":"open","ping_status":"open","sticky":false,"template":"","format":"standard","meta":{"_exactmetrics_skip_tracking":false,"_exactmetrics_sitenote_active":false,"_exactmetrics_sitenote_note":"","_exactmetrics_sitenote_category":0,"footnotes":""},"categories":[4],"tags":[],"_links":{"self":[{"href":"https:\/\/goiasemtempo.com.br\/home\/wp-json\/wp\/v2\/posts\/10961"}],"collection":[{"href":"https:\/\/goiasemtempo.com.br\/home\/wp-json\/wp\/v2\/posts"}],"about":[{"href":"https:\/\/goiasemtempo.com.br\/home\/wp-json\/wp\/v2\/types\/post"}],"author":[{"embeddable":true,"href":"https:\/\/goiasemtempo.com.br\/home\/wp-json\/wp\/v2\/users\/2"}],"replies":[{"embeddable":true,"href":"https:\/\/goiasemtempo.com.br\/home\/wp-json\/wp\/v2\/comments?post=10961"}],"version-history":[{"count":1,"href":"https:\/\/goiasemtempo.com.br\/home\/wp-json\/wp\/v2\/posts\/10961\/revisions"}],"predecessor-version":[{"id":10962,"href":"https:\/\/goiasemtempo.com.br\/home\/wp-json\/wp\/v2\/posts\/10961\/revisions\/10962"}],"wp:featuredmedia":[{"embeddable":true,"href":"https:\/\/goiasemtempo.com.br\/home\/wp-json\/wp\/v2\/media\/10805"}],"wp:attachment":[{"href":"https:\/\/goiasemtempo.com.br\/home\/wp-json\/wp\/v2\/media?parent=10961"}],"wp:term":[{"taxonomy":"category","embeddable":true,"href":"https:\/\/goiasemtempo.com.br\/home\/wp-json\/wp\/v2\/categories?post=10961"},{"taxonomy":"post_tag","embeddable":true,"href":"https:\/\/goiasemtempo.com.br\/home\/wp-json\/wp\/v2\/tags?post=10961"}],"curies":[{"name":"wp","href":"https:\/\/api.w.org\/{rel}","templated":true}]}}