{"id":10953,"date":"2018-01-14T16:10:39","date_gmt":"2018-01-14T16:10:39","guid":{"rendered":"https:\/\/goiasemtempo.com.br\/home\/?p=10953"},"modified":"2018-01-14T16:10:39","modified_gmt":"2018-01-14T16:10:39","slug":"haiti-precisa-de-252-milhoes-de-dolares-de-ajuda-humanitaria","status":"publish","type":"post","link":"https:\/\/goiasemtempo.com.br\/home\/haiti-precisa-de-252-milhoes-de-dolares-de-ajuda-humanitaria\/","title":{"rendered":"Haiti precisa de 252 milh\u00f5es de d\u00f3lares de ajuda humanit\u00e1ria"},"content":{"rendered":"<p>O governo do Haiti e seus parceiros internacionais fizeram um apelo nesta quinta-feira (11) para conseguir 252 milh\u00f5es de d\u00f3lares para financiar respostas a desastres humanit\u00e1rios em 2018.<\/p>\n<p>Estamos em um contexto de diminui\u00e7\u00e3o da ajuda externa. O governo est\u00e1 vendo como conseguir empoderamento para financiar a recupera\u00e7\u00e3o e fazer a transi\u00e7\u00e3o ao desenvolvimento, disse \u00e0 AFP Aviol Fleurant, ministro haitiano do Planejamento e da Coopera\u00e7\u00e3o Externa.<\/p>\n<p>Este plano de resposta humanit\u00e1ria -elaborado em associa\u00e7\u00e3o com as ag\u00eancias das Na\u00e7\u00f5es Unidas que trabalham no Haiti- corre o risco de n\u00e3o poder cumprir-se por falta de financiamento. Em 2017 foram obtidos 37% dos fundos necess\u00e1rios.<\/p>\n<p>A vulnerabilidade do Haiti \u00e0s cat\u00e1strofes naturais \u00e9 um freio a seu desenvolvimento e seu elevado endividamento impede investir para reduzir riscos.<\/p>\n<p>Ainda profundamente afetada pelo terremoto de 2010, o Haiti enfrenta condi\u00e7\u00f5es sociais extremas: 70% de sua popula\u00e7\u00e3o est\u00e1 amea\u00e7ada pela inseguran\u00e7a alimentar, e os danos causados pelo furac\u00e3o Matthew em outubro do ano passado em \u00e1reas agr\u00edcolas agravam o problema.<\/p>\n<p>Por outro lado, as expuls\u00f5es de haitianos de Rep\u00fablica Dominicana, ap\u00f3s a mudan\u00e7a de sua pol\u00edtica migrat\u00f3ria, continuam em ritmo desenfreado. Desde julho de 2015, 230.000 pessoas, entre elas 16% de menores de idade, abandonaram o pa\u00eds vizinho e agora precisam de ajuda para voltar a integrar-se \u00e0 comunidade.<\/p>\n","protected":false},"excerpt":{"rendered":"<p>O governo do Haiti e seus parceiros internacionais fizeram um apelo nesta quinta-feira (11) para conseguir 252 milh\u00f5es de d\u00f3lares para financiar respostas a desastres humanit\u00e1rios em 2018. Estamos em um contexto de diminui\u00e7\u00e3o da ajuda externa. O governo est\u00e1 vendo como conseguir empoderamento para financiar a recupera\u00e7\u00e3o e fazer a transi\u00e7\u00e3o ao desenvolvimento, disse &hellip;<\/p>\n","protected":false},"author":2,"featured_media":10801,"comment_status":"open","ping_status":"open","sticky":false,"template":"","format":"standard","meta":{"_exactmetrics_skip_tracking":false,"_exactmetrics_sitenote_active":false,"_exactmetrics_sitenote_note":"","_exactmetrics_sitenote_category":0,"footnotes":""},"categories":[4],"tags":[],"_links":{"self":[{"href":"https:\/\/goiasemtempo.com.br\/home\/wp-json\/wp\/v2\/posts\/10953"}],"collection":[{"href":"https:\/\/goiasemtempo.com.br\/home\/wp-json\/wp\/v2\/posts"}],"about":[{"href":"https:\/\/goiasemtempo.com.br\/home\/wp-json\/wp\/v2\/types\/post"}],"author":[{"embeddable":true,"href":"https:\/\/goiasemtempo.com.br\/home\/wp-json\/wp\/v2\/users\/2"}],"replies":[{"embeddable":true,"href":"https:\/\/goiasemtempo.com.br\/home\/wp-json\/wp\/v2\/comments?post=10953"}],"version-history":[{"count":1,"href":"https:\/\/goiasemtempo.com.br\/home\/wp-json\/wp\/v2\/posts\/10953\/revisions"}],"predecessor-version":[{"id":10954,"href":"https:\/\/goiasemtempo.com.br\/home\/wp-json\/wp\/v2\/posts\/10953\/revisions\/10954"}],"wp:featuredmedia":[{"embeddable":true,"href":"https:\/\/goiasemtempo.com.br\/home\/wp-json\/wp\/v2\/media\/10801"}],"wp:attachment":[{"href":"https:\/\/goiasemtempo.com.br\/home\/wp-json\/wp\/v2\/media?parent=10953"}],"wp:term":[{"taxonomy":"category","embeddable":true,"href":"https:\/\/goiasemtempo.com.br\/home\/wp-json\/wp\/v2\/categories?post=10953"},{"taxonomy":"post_tag","embeddable":true,"href":"https:\/\/goiasemtempo.com.br\/home\/wp-json\/wp\/v2\/tags?post=10953"}],"curies":[{"name":"wp","href":"https:\/\/api.w.org\/{rel}","templated":true}]}}