{"id":10951,"date":"2018-01-14T16:10:01","date_gmt":"2018-01-14T16:10:01","guid":{"rendered":"https:\/\/goiasemtempo.com.br\/home\/?p=10951"},"modified":"2018-01-14T16:10:01","modified_gmt":"2018-01-14T16:10:01","slug":"governo-frances-exige-respostas-apos-venda-de-leite-para-bebes-contaminado","status":"publish","type":"post","link":"https:\/\/goiasemtempo.com.br\/home\/governo-frances-exige-respostas-apos-venda-de-leite-para-bebes-contaminado\/","title":{"rendered":"Governo franc\u00eas exige respostas ap\u00f3s venda de leite para beb\u00eas contaminado"},"content":{"rendered":"<p>O governo franc\u00eas denunciou nesta quinta-feira (11) disfun\u00e7\u00f5es significativas e exigiu respostas depois de que v\u00e1rios supermercados venderam leite em p\u00f3 para beb\u00eas da marca Lactalis, que devia ter sido retirado da venda por um risco de contamina\u00e7\u00e3o com salmonela.<\/p>\n<p>Lactalis, um dos maiores fabricantes de produtos l\u00e1cteos do mundo, anunciou em dezembro a retirada dos lotes de leite em p\u00f3 e outros produtos para crian\u00e7as elaborados em sua f\u00e1brica de Craon, no noroeste da Fran\u00e7a, suscet\u00edveis de estar contaminados com a bact\u00e9ria salmonela.<\/p>\n<p>Mas v\u00e1rios varejistas admitiram nesta semana que continuaram vendendo esse produtos, apesar do apelo da Lactalis para retir\u00e1-los do mercado.<\/p>\n<p>Houve disfun\u00e7\u00f5es significativas na retirada destes produtos, disse nesta quinta-feira o ministro da Agricultura, St\u00e9phane Travert, que pediu que este caso seja esclarecido.<\/p>\n<p>A rede de supermercados Carrefour admitiu ter vendido 434 garrafas de leite para beb\u00eas fabricadas pela Lactalis e produtos \u00e0 base de cereais, o Syst\u00e8me-U disse ter vendido 384 caixas de leite, o grupo Casino, 363 produtos, e o Auchan, 52.<\/p>\n<p>O presidente franc\u00eas, Emmanuel Macron, assegurou que as autoridades aplicar\u00e3o san\u00e7\u00f5es se for demonstrado que houve pr\u00e1ticas inaceit\u00e1veis.<\/p>\n<p>O ministro da Economia, Bruno Le Maire, convocou reuni\u00f5es para esta quinta e sexta-feiras com os representantes da grande distribui\u00e7\u00e3o e os diretores da Lactalis.<\/p>\n<p>A salmonela pode causar intoxica\u00e7\u00f5es alimentares que podem provocar n\u00e1useas, v\u00f4mitos, dores abdominais e diarreia, assim como infec\u00e7\u00f5es mais graves. O risco \u00e9 maior para crian\u00e7as e idosos.<\/p>\n","protected":false},"excerpt":{"rendered":"<p>O governo franc\u00eas denunciou nesta quinta-feira (11) disfun\u00e7\u00f5es significativas e exigiu respostas depois de que v\u00e1rios supermercados venderam leite em p\u00f3 para beb\u00eas da marca Lactalis, que devia ter sido retirado da venda por um risco de contamina\u00e7\u00e3o com salmonela. Lactalis, um dos maiores fabricantes de produtos l\u00e1cteos do mundo, anunciou em dezembro a retirada &hellip;<\/p>\n","protected":false},"author":2,"featured_media":10800,"comment_status":"open","ping_status":"open","sticky":false,"template":"","format":"standard","meta":{"_exactmetrics_skip_tracking":false,"_exactmetrics_sitenote_active":false,"_exactmetrics_sitenote_note":"","_exactmetrics_sitenote_category":0,"footnotes":""},"categories":[4],"tags":[],"_links":{"self":[{"href":"https:\/\/goiasemtempo.com.br\/home\/wp-json\/wp\/v2\/posts\/10951"}],"collection":[{"href":"https:\/\/goiasemtempo.com.br\/home\/wp-json\/wp\/v2\/posts"}],"about":[{"href":"https:\/\/goiasemtempo.com.br\/home\/wp-json\/wp\/v2\/types\/post"}],"author":[{"embeddable":true,"href":"https:\/\/goiasemtempo.com.br\/home\/wp-json\/wp\/v2\/users\/2"}],"replies":[{"embeddable":true,"href":"https:\/\/goiasemtempo.com.br\/home\/wp-json\/wp\/v2\/comments?post=10951"}],"version-history":[{"count":1,"href":"https:\/\/goiasemtempo.com.br\/home\/wp-json\/wp\/v2\/posts\/10951\/revisions"}],"predecessor-version":[{"id":10952,"href":"https:\/\/goiasemtempo.com.br\/home\/wp-json\/wp\/v2\/posts\/10951\/revisions\/10952"}],"wp:featuredmedia":[{"embeddable":true,"href":"https:\/\/goiasemtempo.com.br\/home\/wp-json\/wp\/v2\/media\/10800"}],"wp:attachment":[{"href":"https:\/\/goiasemtempo.com.br\/home\/wp-json\/wp\/v2\/media?parent=10951"}],"wp:term":[{"taxonomy":"category","embeddable":true,"href":"https:\/\/goiasemtempo.com.br\/home\/wp-json\/wp\/v2\/categories?post=10951"},{"taxonomy":"post_tag","embeddable":true,"href":"https:\/\/goiasemtempo.com.br\/home\/wp-json\/wp\/v2\/tags?post=10951"}],"curies":[{"name":"wp","href":"https:\/\/api.w.org\/{rel}","templated":true}]}}