{"id":10941,"date":"2018-01-14T16:06:49","date_gmt":"2018-01-14T16:06:49","guid":{"rendered":"https:\/\/goiasemtempo.com.br\/home\/?p=10941"},"modified":"2018-01-14T16:06:49","modified_gmt":"2018-01-14T16:06:49","slug":"comercio-exterior-da-china-tem-forte-recuperacao-em-2017","status":"publish","type":"post","link":"https:\/\/goiasemtempo.com.br\/home\/comercio-exterior-da-china-tem-forte-recuperacao-em-2017\/","title":{"rendered":"Com\u00e9rcio exterior da China tem forte recupera\u00e7\u00e3o em 2017"},"content":{"rendered":"<p>O com\u00e9rcio exterior da China se recuperou em 2017, estimulado pela demanda mundial robusta e pela melhoria da conjuntura, que contribu\u00edram para desinflar seu excedente comercial &#8211; exceto com os Estados Unidos.<\/p>\n<p>As exporta\u00e7\u00f5es do gigante asi\u00e1tico, em d\u00f3lares, aumentaram 7,9% no ano passado, enquanto suas exporta\u00e7\u00f5es cresceram 15,9%, segundo dados da administra\u00e7\u00e3o aduaneira publicados nesta sexta-feira.<\/p>\n<p>A recupera\u00e7\u00e3o \u00e9 espetacular: em 2016, elas tinham ca\u00eddo, respectivamente, 7,7% e 5,5%.<\/p>\n<p>No conjunto, o sucesso de 2017 encerra dois anos de retra\u00e7\u00e3o do com\u00e9rcio chin\u00eas, gra\u00e7as a um aumento da demanda na pr\u00f3pria China e no exterior, reagiu Betty Wang, analista da ANZ.<\/p>\n<p>A alta das exporta\u00e7\u00f5es (2,26 trilh\u00f5es de d\u00f3lares em um ano) confirma uma demanda s\u00f3lida, tanto dos pa\u00edses desenvolvidos como dos mercados emergentes que alimentou as vendas chinesas de produtos industrializados, sobretudo eletr\u00f4nicos.<\/p>\n<p>As exporta\u00e7\u00f5es chinesas para a Uni\u00e3o Europeia e para os Estados Unidos, seus principais parceiros comerciais, cresceram respectivamente 9,7% e 11,5%.<\/p>\n<p>J\u00e1 o montante das importa\u00e7\u00f5es (1,84 trilh\u00e3o de d\u00f3lares) se ampliou gra\u00e7as \u00e0 alta dos pre\u00e7os das mat\u00e9rias-primas, respons\u00e1vel pela metade do aumento registrado do ano passado.<\/p>\n<p>Uma demanda interna robusta tamb\u00e9m contribuiu, conforme a segunda economia mundial se estabilizava, estimulada por importantes gastos em infraestruturas e um aumento do cr\u00e9dito.<\/p>\n<p>&#8211; San\u00e7\u00f5es e incertezas &#8211;<\/p>\n<p>A grande for\u00e7a das importa\u00e7\u00f5es acabou contribuindo para desinflar o enorme super\u00e1vit comercial chin\u00eas. Em 2017, ele ficou em 422 bilh\u00f5es de d\u00f3lares, uma queda de 17% em rela\u00e7\u00e3o a 2016 (510 bilh\u00f5es).<\/p>\n<p>Mas os Estados Unidos n\u00e3o se beneficiaram: seu d\u00e9ficit comercial com a China cresceu 10% internanual, a 276 bilh\u00f5es de d\u00f3lares. O presidente americano Donald Trump j\u00e1 fez duras cr\u00edticas a esse desequil\u00edbrio.<\/p>\n<p>Seu governo, que acusa Pequim de protecionismo, abriu investiga\u00e7\u00f5es sobre o a\u00e7o e o alum\u00ednio chineses e sobre a pol\u00edtica do regime comunista para a propriedade intelectual, com possibilidade de san\u00e7\u00f5es.<\/p>\n<p>As incertezas em torno das rela\u00e7\u00f5es sino-americanas s\u00e3o um fator de risco (para os interc\u00e2mbios chineses) a curto prazo, alerta Wang.<\/p>\n<p>Al\u00e9m das investiga\u00e7\u00f5es em curso, n\u00e3o podemos excluir a possibilidade de a\u00e7\u00f5es (adicionais) dos Estados Unidos contra setores espec\u00edficos, apesar de uma guerra comercial total ser muito improv\u00e1vel, indica.<\/p>\n<p>Os europeus tamb\u00e9m se mostram vigilantes. Durante sua visita de Estado a Pequim, no come\u00e7o desta semana, o presidente franc\u00eas Emmanuel Macron pediu uma maior abertura dos mercados chineses \u00e0s empresas europeias.<\/p>\n<p>Contudo, o super\u00e1vit chin\u00eas com a UE recuou 2,9% no ano passado, a 127 bilh\u00f5es de d\u00f3lares.<\/p>\n<p>&#8211; Estagna\u00e7\u00e3o &#8211;<\/p>\n<p>Apesar de ter comemorado perspectivas radiantes para o com\u00e9rcio chin\u00eas em 2018, num contexto de reativa\u00e7\u00e3o da economia mundial, o porta-voz do departamento aduaneiro, Huang Songping, indicou a persist\u00eancia de incertezas e de fatores de desestabiliza\u00e7\u00e3o.<\/p>\n<p>De fato, as estat\u00edsticas de dezembro indicam um cen\u00e1rio menos amig\u00e1vel. As exporta\u00e7\u00f5es desaceleraram levemente no m\u00eas passado (+10,9% internaual), enquanto as importa\u00e7\u00f5es cresceram apenas 4,5%, contra alta de quase 18% em novembro.<\/p>\n<p>A estagna\u00e7\u00e3o disparou o excedente chin\u00eas mensal a cerca de 55 bilh\u00f5es de d\u00f3lares, ante os 40 bilh\u00f5es de novembro.<\/p>\n","protected":false},"excerpt":{"rendered":"<p>O com\u00e9rcio exterior da China se recuperou em 2017, estimulado pela demanda mundial robusta e pela melhoria da conjuntura, que contribu\u00edram para desinflar seu excedente comercial &#8211; exceto com os Estados Unidos. As exporta\u00e7\u00f5es do gigante asi\u00e1tico, em d\u00f3lares, aumentaram 7,9% no ano passado, enquanto suas exporta\u00e7\u00f5es cresceram 15,9%, segundo dados da administra\u00e7\u00e3o aduaneira publicados &hellip;<\/p>\n","protected":false},"author":2,"featured_media":10795,"comment_status":"open","ping_status":"open","sticky":false,"template":"","format":"standard","meta":{"footnotes":""},"categories":[4],"tags":[],"class_list":["post-10941","post","type-post","status-publish","format-standard","has-post-thumbnail","hentry","category-ultimas-noticias"],"_links":{"self":[{"href":"https:\/\/goiasemtempo.com.br\/home\/wp-json\/wp\/v2\/posts\/10941","targetHints":{"allow":["GET"]}}],"collection":[{"href":"https:\/\/goiasemtempo.com.br\/home\/wp-json\/wp\/v2\/posts"}],"about":[{"href":"https:\/\/goiasemtempo.com.br\/home\/wp-json\/wp\/v2\/types\/post"}],"author":[{"embeddable":true,"href":"https:\/\/goiasemtempo.com.br\/home\/wp-json\/wp\/v2\/users\/2"}],"replies":[{"embeddable":true,"href":"https:\/\/goiasemtempo.com.br\/home\/wp-json\/wp\/v2\/comments?post=10941"}],"version-history":[{"count":1,"href":"https:\/\/goiasemtempo.com.br\/home\/wp-json\/wp\/v2\/posts\/10941\/revisions"}],"predecessor-version":[{"id":10942,"href":"https:\/\/goiasemtempo.com.br\/home\/wp-json\/wp\/v2\/posts\/10941\/revisions\/10942"}],"wp:featuredmedia":[{"embeddable":true,"href":"https:\/\/goiasemtempo.com.br\/home\/wp-json\/wp\/v2\/media\/10795"}],"wp:attachment":[{"href":"https:\/\/goiasemtempo.com.br\/home\/wp-json\/wp\/v2\/media?parent=10941"}],"wp:term":[{"taxonomy":"category","embeddable":true,"href":"https:\/\/goiasemtempo.com.br\/home\/wp-json\/wp\/v2\/categories?post=10941"},{"taxonomy":"post_tag","embeddable":true,"href":"https:\/\/goiasemtempo.com.br\/home\/wp-json\/wp\/v2\/tags?post=10941"}],"curies":[{"name":"wp","href":"https:\/\/api.w.org\/{rel}","templated":true}]}}