{"id":10865,"date":"2018-01-14T15:42:33","date_gmt":"2018-01-14T15:42:33","guid":{"rendered":"https:\/\/goiasemtempo.com.br\/home\/?p=10865"},"modified":"2018-01-14T15:42:33","modified_gmt":"2018-01-14T15:42:33","slug":"meirelles-rebaixamento-nao-pode-se-transformar-em-grande-evento-politico","status":"publish","type":"post","link":"https:\/\/goiasemtempo.com.br\/home\/meirelles-rebaixamento-nao-pode-se-transformar-em-grande-evento-politico\/","title":{"rendered":"Meirelles: rebaixamento n\u00e3o pode se transformar em \u201cgrande evento pol\u00edtico\u201d"},"content":{"rendered":"<p>O ministro da Fazenda, Henrique Meirelles, disse hoje (12) que o rebaixamento da nota do Brasil pela ag\u00eancia de classifica\u00e7\u00e3o de risco Standard &#038; Poor\u2019s, anunciado ontem (11), n\u00e3o pode se transformar em \u201cum grande evento pol\u00edtico\u201d do pa\u00eds.<\/p>\n<p>\u201cA ag\u00eancia faz trabalho deles e n\u00f3s fazemos o nosso. N\u00e3o se deve dar um peso excessivo [ao rebaixamento], transformando isso em um movimento pol\u00edtico. A quest\u00e3o de upgrade ou downgrade \u00e9 pontual, um importante sinalizador, mas n\u00e3o \u00e9 um grande evento pol\u00edtico do pa\u00eds. Pelo contr\u00e1rio, [houve uma] observa\u00e7\u00e3o de que eles v\u00e3o aguardar a aprova\u00e7\u00e3o de todas medidas relevantes do ponto de vista fiscal. N\u00f3s temos nossa agenda de trabalho e na medida que isso vai funcionando, as ag\u00eancias v\u00e3o reconhecendo no devido tempo\u201d, afirmou.<\/p>\n<p>A S&#038;P rebaixou a nota do Brasil para tr\u00eas n\u00edveis abaixo do grau de investimento por causa da demora do pa\u00eds para implementar as reformas que devem reduzir os riscos fiscais do pa\u00eds. Segundo Meirelles, a avalia\u00e7\u00e3o da ag\u00eancia \u00e9 \u201cabsolutamente normal\u201d e a equipe econ\u00f4mica j\u00e1 possui um \u201chist\u00f3rico\u201d de manifestar confian\u00e7a na aprova\u00e7\u00e3o de medidas posteriormente confirmadas pelos parlamentares, como o caso do Teto de Gastos e da reforma trabalhista. \u201cContinuamos seguros e confiantes que as reformas ser\u00e3o aprovadas, medidas de ajuste, como [outras] j\u00e1 foram\u201d.<\/p>\n<p>Sobre a declara\u00e7\u00e3o do presidente da C\u00e2mara, Rodrigo Maia (LINK), de que a equipe econ\u00f4mica do governo n\u00e3o pode responsabilizar o Congresso pela n\u00e3o aprova\u00e7\u00e3o da reforma da Previd\u00eancia no ano passado, Meirelles evitou pol\u00eamicas e disse que n\u00e3o se pode apontar culpados.<\/p>\n<p>\u201cAcredito que todos estamos trabalhando na mesma dire\u00e7\u00e3o: Legislativo, Executivo, e j\u00e1 temos hist\u00f3rico comprovado de sucesso\u201d, afirmou. Segundo ele, as lideran\u00e7as pol\u00edticas do pa\u00eds v\u00e3o continuar trabalhando juntas.<\/p>\n<p>Elei\u00e7\u00e3o<\/p>\n<p>Perguntado sobre sua sa\u00edda do Minist\u00e9rio da Fazenda para disputar a Presid\u00eancia da Rep\u00fablica na elei\u00e7\u00e3o de outubro, Meirelles voltou a afirmar que s\u00f3 definir\u00e1 uma eventual candidatura em abril, prazo estabelecido pela Justi\u00e7a Eleitoral para que candidatos deixem cargos p\u00fablicos.<\/p>\n<p>\u201cN\u00e3o tenho pensado e n\u00e3o vou pensar at\u00e9 o in\u00edcio de abril nessa quest\u00e3o de candidatura. Tenho dito que sou ministro da Fazenda em per\u00edodo integral, continuo sendo e esta candidatura ser\u00e1 decidida ou n\u00e3o em abril. Naquele momento vou tomar a decis\u00e3o\u201d.<\/p>\n<p>Edi\u00e7\u00e3o: Luana Louren\u00e7o<\/p>\n","protected":false},"excerpt":{"rendered":"<p>O ministro da Fazenda, Henrique Meirelles, disse hoje (12) que o rebaixamento da nota do Brasil pela ag\u00eancia de classifica\u00e7\u00e3o de risco Standard &#038; Poor\u2019s, anunciado ontem (11), n\u00e3o pode se transformar em \u201cum grande evento pol\u00edtico\u201d do pa\u00eds. \u201cA ag\u00eancia faz trabalho deles e n\u00f3s fazemos o nosso. N\u00e3o se deve dar um peso &hellip;<\/p>\n","protected":false},"author":2,"featured_media":10757,"comment_status":"open","ping_status":"open","sticky":false,"template":"","format":"standard","meta":{"_exactmetrics_skip_tracking":false,"_exactmetrics_sitenote_active":false,"_exactmetrics_sitenote_note":"","_exactmetrics_sitenote_category":0,"footnotes":""},"categories":[4],"tags":[],"_links":{"self":[{"href":"https:\/\/goiasemtempo.com.br\/home\/wp-json\/wp\/v2\/posts\/10865"}],"collection":[{"href":"https:\/\/goiasemtempo.com.br\/home\/wp-json\/wp\/v2\/posts"}],"about":[{"href":"https:\/\/goiasemtempo.com.br\/home\/wp-json\/wp\/v2\/types\/post"}],"author":[{"embeddable":true,"href":"https:\/\/goiasemtempo.com.br\/home\/wp-json\/wp\/v2\/users\/2"}],"replies":[{"embeddable":true,"href":"https:\/\/goiasemtempo.com.br\/home\/wp-json\/wp\/v2\/comments?post=10865"}],"version-history":[{"count":1,"href":"https:\/\/goiasemtempo.com.br\/home\/wp-json\/wp\/v2\/posts\/10865\/revisions"}],"predecessor-version":[{"id":10866,"href":"https:\/\/goiasemtempo.com.br\/home\/wp-json\/wp\/v2\/posts\/10865\/revisions\/10866"}],"wp:featuredmedia":[{"embeddable":true,"href":"https:\/\/goiasemtempo.com.br\/home\/wp-json\/wp\/v2\/media\/10757"}],"wp:attachment":[{"href":"https:\/\/goiasemtempo.com.br\/home\/wp-json\/wp\/v2\/media?parent=10865"}],"wp:term":[{"taxonomy":"category","embeddable":true,"href":"https:\/\/goiasemtempo.com.br\/home\/wp-json\/wp\/v2\/categories?post=10865"},{"taxonomy":"post_tag","embeddable":true,"href":"https:\/\/goiasemtempo.com.br\/home\/wp-json\/wp\/v2\/tags?post=10865"}],"curies":[{"name":"wp","href":"https:\/\/api.w.org\/{rel}","templated":true}]}}