{"id":10688,"date":"2018-01-13T02:38:23","date_gmt":"2018-01-13T02:38:23","guid":{"rendered":"https:\/\/goiasemtempo.com.br\/home\/?p=10688"},"modified":"2018-01-13T02:38:23","modified_gmt":"2018-01-13T02:38:23","slug":"ue-defende-acordo-nuclear-com-o-ira-apesar-das-criticas-de-trump","status":"publish","type":"post","link":"https:\/\/goiasemtempo.com.br\/home\/ue-defende-acordo-nuclear-com-o-ira-apesar-das-criticas-de-trump\/","title":{"rendered":"UE defende acordo nuclear com o Ir\u00e3, apesar das cr\u00edticas de Trump"},"content":{"rendered":"<p>A Uni\u00e3o Europeia enfatizou nesta quinta-feira seu apoio ao acordo nuclear alcan\u00e7ado com o Ir\u00e3 em 2015, afirmando que o pacto cumpre seu objetivo, em um contexto de incerteza sobre eventuais san\u00e7\u00f5es do presidente americano Donald Trump contra Teer\u00e3.<\/p>\n<p>O acordo funciona e cumpre com seu principal objetivo que \u00e9 manter o programa nuclear iraniano sob controle e sob uma estreita vigil\u00e2ncia, afirmou a chefe da diplomacia europeia, Federica Mogherini, depois de se reunir, em Bruxelas, com o chanceler iraniano Mohamad Javad Zarif e seus colegas brit\u00e2nico, franc\u00eas e alem\u00e3o.<\/p>\n<p>Os chanceleres do Reino Unido, Fran\u00e7a e Alemanha j\u00e1 haviam manifestado seu apoio ao hist\u00f3rico acordo.<\/p>\n<p>O acordo de julho de 2015 alcan\u00e7ado entre Teer\u00e3 e o grupo 5+1 &#8211; Estados Unidos, R\u00fassia, China, Reino Unido, Fran\u00e7a e Alemanha &#8211; permitiu levantar parte das san\u00e7\u00f5es internacionais impostas ao Ir\u00e3 em troca de garantias sobre o car\u00e1ter exclusivamente civil de seu programa nuclear.<\/p>\n<p>Apesar do apoio expl\u00edcito dos europeus, Trump tem previsto decidir nos pr\u00f3ximos dias se imp\u00f5e de novo uma s\u00e9rie de san\u00e7\u00f5es econ\u00f4micas suspensas depois que o Ir\u00e3 cumpriu um dos compromissos do pacto.<\/p>\n<p>O Ir\u00e3 j\u00e1 disse estar preparado para todos os cen\u00e1rios.<\/p>\n<p>Depois do encontro em Bruxelas, Zarif enfatizou em um tu\u00edte o forte consenso com os europeus de que seu pa\u00eds cumpre com o acordo conforme condicionado por parte dos Estados Unidos.<\/p>\n<p>O chanceler franc\u00eas Jean-Yves Le Drian indicou neste sentido que a Ag\u00eancia Internacional da Energia At\u00f4mica (AIEA) confirma regularmente a boa aplica\u00e7\u00e3o do acordo por parte do Ir\u00e3, e por isso n\u00e3o existem d\u00favidas atualmente sobre o respeito aos compromissos.<\/p>\n<p>&#8211; Estabilidade &#8211;<\/p>\n<p>Os europeus est\u00e3o especialmente preocupados com a estabilidade em uma regi\u00e3o onde o Ir\u00e3 xiita apoia o regime s\u00edrio de Bashar al Assad, o Hezbollah liban\u00eas e os rebeldes huthis do I\u00eamen, assim como pelo impacto neste sentido da futura decis\u00e3o do presidente americano.<\/p>\n<p>Mogherini, que desempenhou o papel de mediadora nessas negocia\u00e7\u00f5es, pediu a todas as partes que continuem aplicando plenamente o acordo, que, a seu ver, torna o mundo mais seguro e impede uma eventual corrida pelas armas nucleares na regi\u00e3o.<\/p>\n<p>Os chanceleres europeus tamb\u00e9m teriam alcan\u00e7ado um princ\u00edpio de acordo com os iranianos para iniciar um di\u00e1logo sobre os temas que n\u00e3o est\u00e3o no acordo, como a situa\u00e7\u00e3o no I\u00eamen, segundo o ministro das Rela\u00e7\u00f5es Exteriores alem\u00e3o, Sigmar Gabriel.<\/p>\n<p>Os europeus aproveitaram tamb\u00e9m para expressar suas diverg\u00eancias com Teer\u00e3 em rela\u00e7\u00e3o a outros pontos, como o desenvolvimento de m\u00edsseis bal\u00edsticos, segundo indicaram na coletiva de imprensa.<\/p>\n<p>Os 28 pa\u00edses da UE igualmente lamentaram a perda inaceit\u00e1vel de vidas humanas nas manifesta\u00e7\u00f5es de iranianos que deixaram recentemente vinte mortos.<\/p>\n<p>O chanceler alem\u00e3o pediu ao governo de do presidente iraniano Hassan Rohani, que declarou que a insatisfa\u00e7\u00e3o do povo iraniano devia ser levada a s\u00e9rio e suas leg\u00edtimas demandas ouvidas, que conduzisse esse di\u00e1logo com a sociedade iraniana.<\/p>\n","protected":false},"excerpt":{"rendered":"<p>A Uni\u00e3o Europeia enfatizou nesta quinta-feira seu apoio ao acordo nuclear alcan\u00e7ado com o Ir\u00e3 em 2015, afirmando que o pacto cumpre seu objetivo, em um contexto de incerteza sobre eventuais san\u00e7\u00f5es do presidente americano Donald Trump contra Teer\u00e3. O acordo funciona e cumpre com seu principal objetivo que \u00e9 manter o programa nuclear iraniano &hellip;<\/p>\n","protected":false},"author":2,"featured_media":10343,"comment_status":"open","ping_status":"open","sticky":false,"template":"","format":"standard","meta":{"footnotes":""},"categories":[4],"tags":[],"class_list":["post-10688","post","type-post","status-publish","format-standard","has-post-thumbnail","hentry","category-ultimas-noticias"],"_links":{"self":[{"href":"https:\/\/goiasemtempo.com.br\/home\/wp-json\/wp\/v2\/posts\/10688","targetHints":{"allow":["GET"]}}],"collection":[{"href":"https:\/\/goiasemtempo.com.br\/home\/wp-json\/wp\/v2\/posts"}],"about":[{"href":"https:\/\/goiasemtempo.com.br\/home\/wp-json\/wp\/v2\/types\/post"}],"author":[{"embeddable":true,"href":"https:\/\/goiasemtempo.com.br\/home\/wp-json\/wp\/v2\/users\/2"}],"replies":[{"embeddable":true,"href":"https:\/\/goiasemtempo.com.br\/home\/wp-json\/wp\/v2\/comments?post=10688"}],"version-history":[{"count":1,"href":"https:\/\/goiasemtempo.com.br\/home\/wp-json\/wp\/v2\/posts\/10688\/revisions"}],"predecessor-version":[{"id":10689,"href":"https:\/\/goiasemtempo.com.br\/home\/wp-json\/wp\/v2\/posts\/10688\/revisions\/10689"}],"wp:featuredmedia":[{"embeddable":true,"href":"https:\/\/goiasemtempo.com.br\/home\/wp-json\/wp\/v2\/media\/10343"}],"wp:attachment":[{"href":"https:\/\/goiasemtempo.com.br\/home\/wp-json\/wp\/v2\/media?parent=10688"}],"wp:term":[{"taxonomy":"category","embeddable":true,"href":"https:\/\/goiasemtempo.com.br\/home\/wp-json\/wp\/v2\/categories?post=10688"},{"taxonomy":"post_tag","embeddable":true,"href":"https:\/\/goiasemtempo.com.br\/home\/wp-json\/wp\/v2\/tags?post=10688"}],"curies":[{"name":"wp","href":"https:\/\/api.w.org\/{rel}","templated":true}]}}