{"id":10562,"date":"2018-01-13T00:43:37","date_gmt":"2018-01-13T00:43:37","guid":{"rendered":"https:\/\/goiasemtempo.com.br\/home\/?p=10562"},"modified":"2018-01-13T00:43:37","modified_gmt":"2018-01-13T00:43:37","slug":"papa-ratificara-compromisso-com-indigenas-em-nova-visita-a-america-latina","status":"publish","type":"post","link":"https:\/\/goiasemtempo.com.br\/home\/papa-ratificara-compromisso-com-indigenas-em-nova-visita-a-america-latina\/","title":{"rendered":"Papa ratificar\u00e1 compromisso com ind\u00edgenas em nova visita \u00e0 Am\u00e9rica Latina"},"content":{"rendered":"<p>Funcion\u00e1ria do episcopado de Santiago mostra em 8 de janeiro de 2018 as vestes que o papa Francisco vai usar durante sua visita ao Chile, de 15 a 18 de janeiro<\/p>\n<p>Em sua nova visita \u00e0 Am\u00e9rica Latina, o papa Francisco ratificar\u00e1 seu compromisso com os povos ind\u00edgenas, ao visitar a regi\u00e3o de La Araucan\u00eda, no sul do Chile, centro do conflito com os ind\u00edgenas mapuches, e a Amaz\u00f4nia peruana, dessangrada pela superexplora\u00e7\u00e3o de min\u00e9rio.<\/p>\n<p>Depois de dar sua b\u00ean\u00e7\u00e3o a ind\u00edgenas de M\u00e9xico, Equador, Bol\u00edvia, Paraguai e Col\u00f4mbia, e reafirmar o pedido de perd\u00e3o da Igreja aos povos origin\u00e1rios das Am\u00e9ricas, Francisco, que visitar\u00e1 o Chile (15 a 18 de janeiro) e o Peru (18 a 21 de janeiro), ir\u00e1 a duas regi\u00f5es onde popula\u00e7\u00f5es ind\u00edgenas denunciam abusos e exclus\u00e3o.<\/p>\n<p>No Chile, o papa visitar\u00e1 no pr\u00f3ximo dia 17 Temuco, capital da regi\u00e3o de La Araucan\u00eda, zona quente onde os ind\u00edgenas mapuches reivindicam terras que consideram suas por direitos ancestrais e que hoje est\u00e3o nas m\u00e3os de empresas florestais.<\/p>\n<p>Depois de resistir ferrenhamente aos colonizadores espanh\u00f3is, desde meados do s\u00e9culo XIX, os mapuches ficaram restritos a viver em cerca de 5% de suas antigas terras. Sem espa\u00e7o para plantar ou criar animais, a maioria precisou emigrar para grandes cidades e deixar de lado suas tradi\u00e7\u00f5es ancestrais.<\/p>\n<p>H\u00e1 duas d\u00e9cadas, grupos radicais come\u00e7aram a reivindicar territ\u00f3rios usurpados com a queima de maquin\u00e1rio florestal e confrontos violentos com a Pol\u00edcia, que deixaram dezenas de ind\u00edgenas mortos.<\/p>\n<p>Sem canais de comunica\u00e7\u00e3o e sob o olhar cr\u00edtico da maior parte dos chilenos, os mapuches esperam que a visita papal os ajude a visibilizar sua causa, embora n\u00e3o tenham grandes esperan\u00e7as de mudan\u00e7as.<\/p>\n<p>Grandes coisas n\u00e3o se esperam nem do papa, nem deste, nem daquele. Aqui as transforma\u00e7\u00f5es concretas vamos fazer n\u00f3s com o nosso esfor\u00e7o, disse \u00e0 AFP Ram\u00f3n Llanquileo, um dos l\u00edderes da radical Coordenadora Arauco Malleco (CAM), \u00e0 qual se atribui a maioria dos ataques incendi\u00e1rios na regi\u00e3o.<\/p>\n<p>Os organizadores da visita do papa esperam que a mesma ajude no encontro entre os chilenos naquela regi\u00e3o e o resto do pa\u00eds, afirmou seu coordenador nacional, Fernando Ramos.<\/p>\n<p>&#8211; Visita \u00e0 Amaz\u00f4nia &#8211;<\/p>\n<p>Depois de Temuco, Francisco voltar\u00e1 a Santiago e em seguida ir\u00e1 para Iquique (norte), onde conhecer\u00e1 a realidade da migra\u00e7\u00e3o para, ent\u00e3o, iniciar sua viagem ao Peru, onde visitar\u00e1 a cidade de Puerto Maldonado, na regi\u00e3o de Madre de Dios, na Amaz\u00f4nia peruana, fortemente castigada pela minera\u00e7\u00e3o ilegal de ouro.<\/p>\n<p>A presen\u00e7a do papa em Madre de Dios se deve \u00e0 contamina\u00e7\u00e3o e \u00e0 depreda\u00e7\u00e3o de nossos territ\u00f3rios, al\u00e9m da falta de seguran\u00e7a jur\u00eddica para os territ\u00f3rios das comunidades ind\u00edgenas, disse \u00e0 AFP Julio Ricardo Cusuriche, presidente da Federa\u00e7\u00e3o Nativa do R\u00edo de Madre de Dios.<\/p>\n<p>Ber\u00e7o do imp\u00e9rio inca, o de maior desenvolvimento da Am\u00e9rica pr\u00e9-colombiana, o Peru tem nos ind\u00edgenas amaz\u00f4nicos uma de suas popula\u00e7\u00f5es menos desenvolvidas.<\/p>\n<p>Umas 350.000 pessoas pertencem a algum dos 50 grupos \u00e9tnicos amaz\u00f4nicos, alguns dos quais vivem como h\u00e1 5.000 anos e sem contato com outras civiliza\u00e7\u00f5es.<\/p>\n<p>Algumas comunidades foram escravizadas por todo tipo de traficante de riquezas da floresta, como a borracha ou a madeira, e nos \u00faltimos anos, sentiu com for\u00e7a os efeitos das mudan\u00e7as clim\u00e1ticas.<\/p>\n<p>A situa\u00e7\u00e3o dos povos ind\u00edgenas \u00e9 preocupante e, mais ainda, \u00e9 alarmante a dos povos ind\u00edgenas em isolamento volunt\u00e1rio pela depreda\u00e7\u00e3o de suas \u00e1reas, acrescentou Cusuriche.<\/p>\n<p>Francisco se reunir\u00e1 com ind\u00edgenas amaz\u00f4nicos no Coliseu Regional Madre de Dios, onde se espera a presen\u00e7a de 3.500 nativos. Ind\u00edgenas bolivianos e brasileiros dever\u00e3o cruzar a fronteira para ver o papa.<\/p>\n<p>Durante seu pontificado, Francisco j\u00e1 exortou respeitar, valorizar e consultar os povos ind\u00edgenas. Em 2016, durante visita ao M\u00e9xico, Francisco pediu perd\u00e3o aos ind\u00edgenas pelos maus tratos e a desigualdade a que s\u00e3o submetidos e autorizou o uso de l\u00ednguas aut\u00f3ctones nos rituais cat\u00f3licos.<\/p>\n<p>Um ano antes, durante visita \u00e0 Bol\u00edvia, onde a maioria da popula\u00e7\u00e3o \u00e9 ind\u00edgena, pediu humildemente perd\u00e3o, n\u00e3o s\u00f3 pelas ofensas da pr\u00f3pria Igreja, mas pelos crimes contra os povos origin\u00e1rios durante a chamada conquista da Am\u00e9rica.<\/p>\n<p>Em sua \u00faltima viagem \u00e0 regi\u00e3o, em 2017, quando visitou a Col\u00f4mbia, os ind\u00edgenas colombianos, grandes v\u00edtimas da Conquista, tamb\u00e9m tiveram seu momento de sintonia com o papa.<\/p>\n<p>Tanto Bento XVI, em 2007, como Jo\u00e3o Paulo II, em 1992, j\u00e1 tinham feito alus\u00e3o \u00e0s injusti\u00e7as cometidas pelos colonizadores contra a popula\u00e7\u00e3o nativa.<\/p>\n","protected":false},"excerpt":{"rendered":"<p>Funcion\u00e1ria do episcopado de Santiago mostra em 8 de janeiro de 2018 as vestes que o papa Francisco vai usar durante sua visita ao Chile, de 15 a 18 de janeiro Em sua nova visita \u00e0 Am\u00e9rica Latina, o papa Francisco ratificar\u00e1 seu compromisso com os povos ind\u00edgenas, ao visitar a regi\u00e3o de La Araucan\u00eda, &hellip;<\/p>\n","protected":false},"author":2,"featured_media":10279,"comment_status":"open","ping_status":"open","sticky":false,"template":"","format":"standard","meta":{"footnotes":""},"categories":[4],"tags":[],"class_list":["post-10562","post","type-post","status-publish","format-standard","has-post-thumbnail","hentry","category-ultimas-noticias"],"_links":{"self":[{"href":"https:\/\/goiasemtempo.com.br\/home\/wp-json\/wp\/v2\/posts\/10562","targetHints":{"allow":["GET"]}}],"collection":[{"href":"https:\/\/goiasemtempo.com.br\/home\/wp-json\/wp\/v2\/posts"}],"about":[{"href":"https:\/\/goiasemtempo.com.br\/home\/wp-json\/wp\/v2\/types\/post"}],"author":[{"embeddable":true,"href":"https:\/\/goiasemtempo.com.br\/home\/wp-json\/wp\/v2\/users\/2"}],"replies":[{"embeddable":true,"href":"https:\/\/goiasemtempo.com.br\/home\/wp-json\/wp\/v2\/comments?post=10562"}],"version-history":[{"count":1,"href":"https:\/\/goiasemtempo.com.br\/home\/wp-json\/wp\/v2\/posts\/10562\/revisions"}],"predecessor-version":[{"id":10563,"href":"https:\/\/goiasemtempo.com.br\/home\/wp-json\/wp\/v2\/posts\/10562\/revisions\/10563"}],"wp:featuredmedia":[{"embeddable":true,"href":"https:\/\/goiasemtempo.com.br\/home\/wp-json\/wp\/v2\/media\/10279"}],"wp:attachment":[{"href":"https:\/\/goiasemtempo.com.br\/home\/wp-json\/wp\/v2\/media?parent=10562"}],"wp:term":[{"taxonomy":"category","embeddable":true,"href":"https:\/\/goiasemtempo.com.br\/home\/wp-json\/wp\/v2\/categories?post=10562"},{"taxonomy":"post_tag","embeddable":true,"href":"https:\/\/goiasemtempo.com.br\/home\/wp-json\/wp\/v2\/tags?post=10562"}],"curies":[{"name":"wp","href":"https:\/\/api.w.org\/{rel}","templated":true}]}}