{"id":10558,"date":"2018-01-13T00:40:02","date_gmt":"2018-01-13T00:40:02","guid":{"rendered":"https:\/\/goiasemtempo.com.br\/home\/?p=10558"},"modified":"2018-01-13T00:40:02","modified_gmt":"2018-01-13T00:40:02","slug":"noite-de-protestos-termina-em-mais-de-200-detidos-na-tunisia","status":"publish","type":"post","link":"https:\/\/goiasemtempo.com.br\/home\/noite-de-protestos-termina-em-mais-de-200-detidos-na-tunisia\/","title":{"rendered":"Noite de protestos termina em mais de 200 detidos na Tun\u00edsia"},"content":{"rendered":"<p>Mais de 200 pessoas foram detidas, e dezenas ficaram feridas em v\u00e1rias cidades da Tun\u00edsia &#8211; relatou o Minist\u00e9rio tunisiano do Interior nesta quarta-feira (10), ap\u00f3s uma segunda noite de dist\u00farbios causados por medidas de austeridade, sete anos depois da chamada Primavera \u00c1rabe.<\/p>\n<p>As manifesta\u00e7\u00f5es pac\u00edficas e espor\u00e1dicas haviam come\u00e7ado na semana passada contra o aumento dos pre\u00e7os e medidas de austeridade em vigor desde o dia 1\u00ba e que incluem um aumento dos impostos.<\/p>\n<p>Os protestos degeneraram em dist\u00farbios na segunda-feira \u00e0 noite, especialmente em T\u00fanis e Teburba, a oeste da capital, onde um homem faleceu durante uma manifesta\u00e7\u00e3o.<\/p>\n<p>Durante uma visita nesta quarta-feira a El Battan, perto de Teburba, o primeiro-ministro tunisiano, Yusef Shahed, condenou os atos de vandalismo, que, segundo ele, servem aos interesses das redes de corrup\u00e7\u00e3o para enfraquecer o Estado e acusou a Frente Popular, um partido de esquerda que se op\u00f5e ao or\u00e7amento.<\/p>\n<p>Na segunda noite de enfrentamentos, 49 policiais ficaram feridos e 206 pessoas foram detidas, informou nesta quarta-feira o porta-voz do Minist\u00e9rio, Khlifa Chibani.<\/p>\n<p>H\u00e1 saques e roubos, mas tamb\u00e9m uma mensagem pol\u00edtica de uma parte da popula\u00e7\u00e3o que n\u00e3o tem nada a perder e que se sente ignorada pelo governo, sete anos ap\u00f3s a Primavera \u00c1rabe exigindo emprego e dignidade, aponta o cientista pol\u00edtico Selim Jarrat.<\/p>\n<p>Ele destaca que muitos edif\u00edcios p\u00fablicos, s\u00edmbolos do Estado, foram atacados, e que o governo ainda n\u00e3o se posicionou com firmeza contra os manifestantes.<\/p>\n<p>&#8211; Saques &#8211;<\/p>\n<p>Um supermercado na periferia sua de T\u00fanis da rede Carrefour do sul da capital foi saqueado por jovens que levaram dinheiro e mercadorias, de acordo com Mohamed Baccuche, diretor-adjunto da rede.<\/p>\n<p>En Sidi Buzid, cidade no centro do pa\u00eds, onde em dezembro de 2010 come\u00e7aram os protestos que marcaram o in\u00edcio da Primavera \u00c1rabe, grupos de jovens fecharam estradas e lan\u00e7aram pedras na pol\u00edcia, que respondeu com bombas de g\u00e1s lacrimog\u00eaneo durante boa parte da noite.<\/p>\n<p>Tamb\u00e9m houve incidentes em Gafsa (sul), Kasserin (centro), Jedaida (norte) e outros bairros populares de T\u00fanis, constataram jornalistas da AFP. Mas o pa\u00eds estava mais calmo na manh\u00e3 desta quarta-feira.<\/p>\n<p>Em Tebourba, 30 km ao oeste da capital, centenas de jovens tomaram as ruas ap\u00f3s o enterro de um homem de 45 anos morto nos dist\u00farbios da noite anterior.<\/p>\n<p>O ministro de Sa\u00fade, Imed Hamami, garantiu que o resultado da aut\u00f3psia ser\u00e1 publicado nesta quinta-feira.<\/p>\n<p>Persiste a pol\u00eamica sobre as causas da morte desse homem que est\u00e1 sendo considerado um m\u00e1rtir pelos manifestantes. Os resultados da necropsia feita ontem n\u00e3o foram divulgados.<\/p>\n<p>O Minist\u00e9rio do Interior negou que ele tenha morrido nas m\u00e3os da Pol\u00edcia e destacou que ele n\u00e3o apresentava qualquer sinal de viol\u00eancia. O porta-voz Khlifa Chibani disse apenas que o indiv\u00edduo tinha problemas respirat\u00f3rios.<\/p>\n<p>Esses incidentes acontecem em um contexto de reivindica\u00e7\u00f5es sociais no pa\u00eds contra as medidas de austeridade previstas pelo governo.<\/p>\n<p>Ap\u00f3s v\u00e1rios anos de marasmo econ\u00f4mico e contrata\u00e7\u00f5es em massa de funcion\u00e1rios, a Tun\u00edsia enfrenta dificuldades financeiras significativas.<\/p>\n<p>A infla\u00e7\u00e3o ultrapassou 6% no final de 2017, enquanto a d\u00edvida p\u00fablica e o d\u00e9ficit comercial atingiram n\u00edveis preocupantes.<\/p>\n<p>Os ativistas da campanha Fech Nestannew (O que estamos esperando), lan\u00e7ada no in\u00edcio do ano contra o aumento dos pre\u00e7os, convocaram uma manifesta\u00e7\u00e3o em massa na sexta-feira.<\/p>\n<p>O m\u00eas de janeiro \u00e9 tradicionalmente marcado por protestos na Tun\u00edsia desde a revolu\u00e7\u00e3o de 2011. O contexto \u00e9 especialmente tenso este ano, em vista da celebra\u00e7\u00e3o em maio das primeiras elei\u00e7\u00f5es municipais desde a Primavera \u00c1rabe.<\/p>\n","protected":false},"excerpt":{"rendered":"<p>Mais de 200 pessoas foram detidas, e dezenas ficaram feridas em v\u00e1rias cidades da Tun\u00edsia &#8211; relatou o Minist\u00e9rio tunisiano do Interior nesta quarta-feira (10), ap\u00f3s uma segunda noite de dist\u00farbios causados por medidas de austeridade, sete anos depois da chamada Primavera \u00c1rabe. As manifesta\u00e7\u00f5es pac\u00edficas e espor\u00e1dicas haviam come\u00e7ado na semana passada contra o &hellip;<\/p>\n","protected":false},"author":2,"featured_media":10277,"comment_status":"open","ping_status":"open","sticky":false,"template":"","format":"standard","meta":{"footnotes":""},"categories":[4],"tags":[],"class_list":["post-10558","post","type-post","status-publish","format-standard","has-post-thumbnail","hentry","category-ultimas-noticias"],"_links":{"self":[{"href":"https:\/\/goiasemtempo.com.br\/home\/wp-json\/wp\/v2\/posts\/10558","targetHints":{"allow":["GET"]}}],"collection":[{"href":"https:\/\/goiasemtempo.com.br\/home\/wp-json\/wp\/v2\/posts"}],"about":[{"href":"https:\/\/goiasemtempo.com.br\/home\/wp-json\/wp\/v2\/types\/post"}],"author":[{"embeddable":true,"href":"https:\/\/goiasemtempo.com.br\/home\/wp-json\/wp\/v2\/users\/2"}],"replies":[{"embeddable":true,"href":"https:\/\/goiasemtempo.com.br\/home\/wp-json\/wp\/v2\/comments?post=10558"}],"version-history":[{"count":1,"href":"https:\/\/goiasemtempo.com.br\/home\/wp-json\/wp\/v2\/posts\/10558\/revisions"}],"predecessor-version":[{"id":10559,"href":"https:\/\/goiasemtempo.com.br\/home\/wp-json\/wp\/v2\/posts\/10558\/revisions\/10559"}],"wp:featuredmedia":[{"embeddable":true,"href":"https:\/\/goiasemtempo.com.br\/home\/wp-json\/wp\/v2\/media\/10277"}],"wp:attachment":[{"href":"https:\/\/goiasemtempo.com.br\/home\/wp-json\/wp\/v2\/media?parent=10558"}],"wp:term":[{"taxonomy":"category","embeddable":true,"href":"https:\/\/goiasemtempo.com.br\/home\/wp-json\/wp\/v2\/categories?post=10558"},{"taxonomy":"post_tag","embeddable":true,"href":"https:\/\/goiasemtempo.com.br\/home\/wp-json\/wp\/v2\/tags?post=10558"}],"curies":[{"name":"wp","href":"https:\/\/api.w.org\/{rel}","templated":true}]}}