{"id":10552,"date":"2018-01-13T00:34:40","date_gmt":"2018-01-13T00:34:40","guid":{"rendered":"https:\/\/goiasemtempo.com.br\/home\/?p=10552"},"modified":"2018-01-13T00:34:40","modified_gmt":"2018-01-13T00:34:40","slug":"james-franco-diz-que-acusacoes-de-assedio-nao-sao-precisas-mas-que-ira-corrigir-quaisquer-erros","status":"publish","type":"post","link":"https:\/\/goiasemtempo.com.br\/home\/james-franco-diz-que-acusacoes-de-assedio-nao-sao-precisas-mas-que-ira-corrigir-quaisquer-erros\/","title":{"rendered":"James Franco diz que acusa\u00e7\u00f5es de ass\u00e9dio \u201cn\u00e3o s\u00e3o precisas\u201d, mas que ir\u00e1 corrigir quaisquer erros"},"content":{"rendered":"<p>LOS ANGELES (Reuters) &#8211; O ator vencedor do Globo de Ouro James Franco disse que acusa\u00e7\u00f5es de ass\u00e9dio sexual feitas contra ele no Twitter nesta semana \u201cn\u00e3o s\u00e3o precisas\u201d, mas afirmou que ir\u00e1 consertar caso tenha feito algo errado\u201d.<\/p>\n<p>Franco, de 39 anos, foi solicitado a comentar sobre as acusa\u00e7\u00f5es durante participa\u00e7\u00e3o na ter\u00e7a-feira no programa \u201cThe Late Show\u201d, do apresentador Stephen Colbert.<\/p>\n<p>As acusa\u00e7\u00f5es surgiram no Twitter minutos ap\u00f3s ele receber o Globo de Ouro de melhor ator de com\u00e9dia, no domingo, por seu papel em \u201cArtista do Desastre\u201d.<\/p>\n<p>Franco tamb\u00e9m \u00e9 indicado para um pr\u00eamio do Sindicato de Atores pelo mesmo papel, em cerim\u00f4nia que ocorrer\u00e1 em 21 de janeiro em Los Angeles.<\/p>\n<p>Tr\u00eas mulheres fizeram coment\u00e1rios no Twitter alegando comportamento sexual inadequado de Franco, que no domingo estava vestindo um broche do movimento \u201cTime\u2019s Up\u201d apoiando v\u00edtimas de ass\u00e9dio sexual. Algumas das publica\u00e7\u00f5es foram posteriormente apagadas.<\/p>\n<p>Um evento do New York Times nesta semana em que Franco iria falar sobre \u201cArtista do Desastre\u201d, que tamb\u00e9m dirigiu e produziu\u201d, foi subsequentemente cancelado.<\/p>\n<p>\u201cAs coisas que eu ouvi que estavam no Twitter n\u00e3o s\u00e3o precisas, mas eu apoio completamente que pessoas saiam e possam ter uma voz porque elas n\u00e3o tiveram uma voz por muito tempo\u201d, disse Franco a Colbert.<\/p>\n<p>\u201cEnt\u00e3o, eu n\u00e3o quero silenci\u00e1-las de maneira alguma\u201d, afirmou. Do jeito que vivo minha vida, n\u00e3o posso viver se houver uma repara\u00e7\u00e3o a ser feita, eu farei. Ent\u00e3o, se eu fiz algo errado, eu vou consertar isso. Eu tenho que, disse ele, sem elaborar.<\/p>\n<p>Representantes de Franco n\u00e3o responderam de imediato a pedidos de coment\u00e1rios nesta quarta-feira.<\/p>\n<p>(Reportagem de Jill Serjeant)<\/p>\n","protected":false},"excerpt":{"rendered":"<p>LOS ANGELES (Reuters) &#8211; O ator vencedor do Globo de Ouro James Franco disse que acusa\u00e7\u00f5es de ass\u00e9dio sexual feitas contra ele no Twitter nesta semana \u201cn\u00e3o s\u00e3o precisas\u201d, mas afirmou que ir\u00e1 consertar caso tenha feito algo errado\u201d. Franco, de 39 anos, foi solicitado a comentar sobre as acusa\u00e7\u00f5es durante participa\u00e7\u00e3o na ter\u00e7a-feira no &hellip;<\/p>\n","protected":false},"author":2,"featured_media":10274,"comment_status":"open","ping_status":"open","sticky":false,"template":"","format":"standard","meta":{"_exactmetrics_skip_tracking":false,"_exactmetrics_sitenote_active":false,"_exactmetrics_sitenote_note":"","_exactmetrics_sitenote_category":0,"footnotes":""},"categories":[4],"tags":[],"_links":{"self":[{"href":"https:\/\/goiasemtempo.com.br\/home\/wp-json\/wp\/v2\/posts\/10552"}],"collection":[{"href":"https:\/\/goiasemtempo.com.br\/home\/wp-json\/wp\/v2\/posts"}],"about":[{"href":"https:\/\/goiasemtempo.com.br\/home\/wp-json\/wp\/v2\/types\/post"}],"author":[{"embeddable":true,"href":"https:\/\/goiasemtempo.com.br\/home\/wp-json\/wp\/v2\/users\/2"}],"replies":[{"embeddable":true,"href":"https:\/\/goiasemtempo.com.br\/home\/wp-json\/wp\/v2\/comments?post=10552"}],"version-history":[{"count":1,"href":"https:\/\/goiasemtempo.com.br\/home\/wp-json\/wp\/v2\/posts\/10552\/revisions"}],"predecessor-version":[{"id":10553,"href":"https:\/\/goiasemtempo.com.br\/home\/wp-json\/wp\/v2\/posts\/10552\/revisions\/10553"}],"wp:featuredmedia":[{"embeddable":true,"href":"https:\/\/goiasemtempo.com.br\/home\/wp-json\/wp\/v2\/media\/10274"}],"wp:attachment":[{"href":"https:\/\/goiasemtempo.com.br\/home\/wp-json\/wp\/v2\/media?parent=10552"}],"wp:term":[{"taxonomy":"category","embeddable":true,"href":"https:\/\/goiasemtempo.com.br\/home\/wp-json\/wp\/v2\/categories?post=10552"},{"taxonomy":"post_tag","embeddable":true,"href":"https:\/\/goiasemtempo.com.br\/home\/wp-json\/wp\/v2\/tags?post=10552"}],"curies":[{"name":"wp","href":"https:\/\/api.w.org\/{rel}","templated":true}]}}