{"id":10548,"date":"2018-01-13T00:31:04","date_gmt":"2018-01-13T00:31:04","guid":{"rendered":"https:\/\/goiasemtempo.com.br\/home\/?p=10548"},"modified":"2018-01-13T00:31:04","modified_gmt":"2018-01-13T00:31:04","slug":"feministas-criticam-deneuve-por-defender-o-assedio-masculino","status":"publish","type":"post","link":"https:\/\/goiasemtempo.com.br\/home\/feministas-criticam-deneuve-por-defender-o-assedio-masculino\/","title":{"rendered":"Feministas criticam Deneuve por defender o ass\u00e9dio masculino"},"content":{"rendered":"<p>No mundo todo, nesta quarta-feira (10), choveram cr\u00edticas \u00e0 defesa feita por um grupo de cerca de cem mulheres, entre elas a atriz Catherine Deneuve, ao direito dos homens de importunar, de integrantes do governo franc\u00eas a internautas indignados.<\/p>\n<p>H\u00e1 elementos profundamente chocantes, inclusive falsos nesta manifesta\u00e7\u00e3o divulgada na v\u00e9spera no jornal franc\u00eas Le Monde, disse a secret\u00e1ria de Estado para a Igualdade, Marlene Schiappa, julgando perigoso o texto minimizar os abusos sexuais.<\/p>\n<p>O estupro \u00e9 um crime. Mas cortejar de forma insistente ou repulsiva n\u00e3o \u00e9 um delito, nem a cortesia uma agress\u00e3o machista, escreveram as atrizes, escritoras, pesquisadoras e jornalistas.<\/p>\n<p>O texto defende uma liberdade de importunar, indispens\u00e1vel \u00e0 liberdade sexual e denuncia uma volta ao puritanismo como uma das consequ\u00eancias do esc\u00e2ndalo do produtor de cinema americano Harvey Weinstein.<\/p>\n<p>Com este esc\u00e2ndalo, nasceram campanhas como #MeToo e #Balancetonporc (Delate teu porco), na Fran\u00e7a, nas quais milhares de mulheres denunciaram terem sido v\u00edtimas de ass\u00e9dio ou abuso sexual.<\/p>\n<p>Contudo, para esse coletivo, essa febre de enviar os porcos ao matadouro, longe de ajudar as mulheres a serem aut\u00f4nomas, serve na realidade aos interesses dos inimigos da liberdade sexual, aos extremistas religiosos, aos piores reacion\u00e1rios.<\/p>\n<p>Elas tamb\u00e9m afirmam que uma mulher n\u00e3o tem por qu\u00ea se sentir traumatizada para sempre por um homem que se esfrega contra ela no metr\u00f4, apesar disso ser considerado um crime.<\/p>\n<p>J\u00e1 \u00e9 trabalhoso fazer as jovens entenderem que se esfregarem contra elas, esfregar o sexo de um homem contra uma mulher no metr\u00f4 sem seu consentimento \u00e9 uma agress\u00e3o sexual, lamentou Schiappa.<\/p>\n<p>Fora da Fran\u00e7a, essa postura foi duramente criticada. Deneuve e outras mulheres francesas explicaram ao mundo como a interioriza\u00e7\u00e3o de sua misoginia lhes lobotomizou a um ponto sem volta, tuitou a atriz italiana Asia Argento, que foi uma das primeiras a acusar de abuso sexual Harvey Weinstein.<\/p>\n<p>&#8211; Desprezo pelas v\u00edtimas &#8211;<\/p>\n<p>A ex-ministra francesa de Direitos das Mulheres Laurece Rossignol classificou o posicionamento como um tapa contra todas as mulheres que denunciam a depreda\u00e7\u00e3o sexual.<\/p>\n<p>Um artigo em resposta por um grupo de feministas denunciou por sua vez o desprezo pelas v\u00edtimas de viol\u00eancia sexual.<\/p>\n<p>Cada vez que se avan\u00e7a para a igualdade, apesar de meio cent\u00edmetro que seja, h\u00e1 almas boas que imediatamente alertam que podemos cair no excesso, afirmam as signat\u00e1rias de um texto postado no site francetvinfo.<\/p>\n<p>Para elas, as mulheres que assinaram o texto publicado no Le Monde, misturam deliberadamente uma rela\u00e7\u00e3o de sedu\u00e7\u00e3o baseada no respeito e prazer com a viol\u00eancia.<\/p>\n<p>Que pena que nossa grande Catherine Deneuve se some a um texto t\u00e3o deplor\u00e1vel, tuitou a ex-ministra de Meio Ambiente, Segol\u00e8ne Royal.<\/p>\n<p>A escritora australiana Van Badham denunciou em artigo para o jornal brit\u00e2nico The Guardian que Deneuve e suas amigas se alinham, com sua carta, aos [Woody] Allen, Weinstein e outros homens acusados de abusos.<\/p>\n<p>Muitos internautas criticaram o texto. Proponho que Deneuve comece a pegar o metr\u00f4 na hora do rush, provou um deles.<\/p>\n<p>Catherine Deneuve talvez tivesse uma opini\u00e3o muito diferente sobre o abuso se n\u00e3o fosse uma mulher branca, extraordinariamente bela e muito rica, que vive em uma bolha de privil\u00e9gios. E se tivesse um pouco de empatia, tuitou a cartunista do New York Times, Colleen Doran.<\/p>\n","protected":false},"excerpt":{"rendered":"<p>No mundo todo, nesta quarta-feira (10), choveram cr\u00edticas \u00e0 defesa feita por um grupo de cerca de cem mulheres, entre elas a atriz Catherine Deneuve, ao direito dos homens de importunar, de integrantes do governo franc\u00eas a internautas indignados. H\u00e1 elementos profundamente chocantes, inclusive falsos nesta manifesta\u00e7\u00e3o divulgada na v\u00e9spera no jornal franc\u00eas Le Monde, &hellip;<\/p>\n","protected":false},"author":2,"featured_media":10272,"comment_status":"open","ping_status":"open","sticky":false,"template":"","format":"standard","meta":{"footnotes":""},"categories":[4],"tags":[],"class_list":["post-10548","post","type-post","status-publish","format-standard","has-post-thumbnail","hentry","category-ultimas-noticias"],"_links":{"self":[{"href":"https:\/\/goiasemtempo.com.br\/home\/wp-json\/wp\/v2\/posts\/10548","targetHints":{"allow":["GET"]}}],"collection":[{"href":"https:\/\/goiasemtempo.com.br\/home\/wp-json\/wp\/v2\/posts"}],"about":[{"href":"https:\/\/goiasemtempo.com.br\/home\/wp-json\/wp\/v2\/types\/post"}],"author":[{"embeddable":true,"href":"https:\/\/goiasemtempo.com.br\/home\/wp-json\/wp\/v2\/users\/2"}],"replies":[{"embeddable":true,"href":"https:\/\/goiasemtempo.com.br\/home\/wp-json\/wp\/v2\/comments?post=10548"}],"version-history":[{"count":1,"href":"https:\/\/goiasemtempo.com.br\/home\/wp-json\/wp\/v2\/posts\/10548\/revisions"}],"predecessor-version":[{"id":10549,"href":"https:\/\/goiasemtempo.com.br\/home\/wp-json\/wp\/v2\/posts\/10548\/revisions\/10549"}],"wp:featuredmedia":[{"embeddable":true,"href":"https:\/\/goiasemtempo.com.br\/home\/wp-json\/wp\/v2\/media\/10272"}],"wp:attachment":[{"href":"https:\/\/goiasemtempo.com.br\/home\/wp-json\/wp\/v2\/media?parent=10548"}],"wp:term":[{"taxonomy":"category","embeddable":true,"href":"https:\/\/goiasemtempo.com.br\/home\/wp-json\/wp\/v2\/categories?post=10548"},{"taxonomy":"post_tag","embeddable":true,"href":"https:\/\/goiasemtempo.com.br\/home\/wp-json\/wp\/v2\/tags?post=10548"}],"curies":[{"name":"wp","href":"https:\/\/api.w.org\/{rel}","templated":true}]}}