{"id":10526,"date":"2018-01-13T00:11:17","date_gmt":"2018-01-13T00:11:17","guid":{"rendered":"https:\/\/goiasemtempo.com.br\/home\/?p=10526"},"modified":"2018-01-13T00:11:17","modified_gmt":"2018-01-13T00:11:17","slug":"ciclista-frances-se-aposenta-aos-106-anos","status":"publish","type":"post","link":"https:\/\/goiasemtempo.com.br\/home\/ciclista-frances-se-aposenta-aos-106-anos\/","title":{"rendered":"Ciclista franc\u00eas se aposenta aos 106 anos"},"content":{"rendered":"<p>PARIS (Reuters) &#8211; O ciclista franc\u00eas Robert Marchand est\u00e1 se aposentando aos 106 anos, anunciou um amigo do centen\u00e1rio apaixonado por ciclismo.<\/p>\n<p>A decis\u00e3o de se aposentar vem um ano depois que o atleta estabeleceu o que foi amplamente anunciado como um recorde para a categoria de competidores acima dos 105 anos: completou cerca de 22 km em uma hora.<\/p>\n<p>O feito, em uma pista fechada perto de Paris, atraiu intensa cobertura midi\u00e1tica e levou a um momento de fama internacional para Marchand, um amador que tem estado na ativa por bem mais de 90 anos.<\/p>\n<p>Sua aposentadoria, em uma idade n\u00e3o muito distante do dobro da idade m\u00e9dia de aposentadoria na Fran\u00e7a e tr\u00eas ou quatro vezes maior do que a idade em que atletas de alto n\u00edvel costumam encerrar a carreira, foi anunciada \u00e0 ag\u00eancia de not\u00edcias AFP por um vizinho e amigo.<\/p>\n<p>(Reportagem de Brian Love)<\/p>\n","protected":false},"excerpt":{"rendered":"<p>PARIS (Reuters) &#8211; O ciclista franc\u00eas Robert Marchand est\u00e1 se aposentando aos 106 anos, anunciou um amigo do centen\u00e1rio apaixonado por ciclismo. A decis\u00e3o de se aposentar vem um ano depois que o atleta estabeleceu o que foi amplamente anunciado como um recorde para a categoria de competidores acima dos 105 anos: completou cerca de &hellip;<\/p>\n","protected":false},"author":2,"featured_media":10261,"comment_status":"open","ping_status":"open","sticky":false,"template":"","format":"standard","meta":{"footnotes":""},"categories":[4],"tags":[],"class_list":["post-10526","post","type-post","status-publish","format-standard","has-post-thumbnail","hentry","category-ultimas-noticias"],"_links":{"self":[{"href":"https:\/\/goiasemtempo.com.br\/home\/wp-json\/wp\/v2\/posts\/10526","targetHints":{"allow":["GET"]}}],"collection":[{"href":"https:\/\/goiasemtempo.com.br\/home\/wp-json\/wp\/v2\/posts"}],"about":[{"href":"https:\/\/goiasemtempo.com.br\/home\/wp-json\/wp\/v2\/types\/post"}],"author":[{"embeddable":true,"href":"https:\/\/goiasemtempo.com.br\/home\/wp-json\/wp\/v2\/users\/2"}],"replies":[{"embeddable":true,"href":"https:\/\/goiasemtempo.com.br\/home\/wp-json\/wp\/v2\/comments?post=10526"}],"version-history":[{"count":1,"href":"https:\/\/goiasemtempo.com.br\/home\/wp-json\/wp\/v2\/posts\/10526\/revisions"}],"predecessor-version":[{"id":10527,"href":"https:\/\/goiasemtempo.com.br\/home\/wp-json\/wp\/v2\/posts\/10526\/revisions\/10527"}],"wp:featuredmedia":[{"embeddable":true,"href":"https:\/\/goiasemtempo.com.br\/home\/wp-json\/wp\/v2\/media\/10261"}],"wp:attachment":[{"href":"https:\/\/goiasemtempo.com.br\/home\/wp-json\/wp\/v2\/media?parent=10526"}],"wp:term":[{"taxonomy":"category","embeddable":true,"href":"https:\/\/goiasemtempo.com.br\/home\/wp-json\/wp\/v2\/categories?post=10526"},{"taxonomy":"post_tag","embeddable":true,"href":"https:\/\/goiasemtempo.com.br\/home\/wp-json\/wp\/v2\/tags?post=10526"}],"curies":[{"name":"wp","href":"https:\/\/api.w.org\/{rel}","templated":true}]}}