{"id":10520,"date":"2018-01-13T00:05:53","date_gmt":"2018-01-13T00:05:53","guid":{"rendered":"https:\/\/goiasemtempo.com.br\/home\/?p=10520"},"modified":"2018-01-13T00:05:53","modified_gmt":"2018-01-13T00:05:53","slug":"ator-michael-douglas-se-antecipa-e-nega-ma-conduta-sexual","status":"publish","type":"post","link":"https:\/\/goiasemtempo.com.br\/home\/ator-michael-douglas-se-antecipa-e-nega-ma-conduta-sexual\/","title":{"rendered":"Ator Michael Douglas se antecipa e nega m\u00e1 conduta sexual"},"content":{"rendered":"<p>LOS ANGELES (Reuters) &#8211; O ator Michael Douglas, vencedor do Oscar, negou preventivamente uma acusa\u00e7\u00e3o de m\u00e1 conduta sexual, dizendo que queria se antecipar \u00e0s poss\u00edveis informa\u00e7\u00f5es investigada pelas publica\u00e7\u00f5es de Hollywood.<\/p>\n<p>Em uma longa entrevista com o site Deadline.com, publicada no final da ter\u00e7a-feira, Douglas negou que se masturbasse na frente de uma mulher que trabalhou para ele h\u00e1 cerca de 32 anos.<\/p>\n<p>Esta \u00e9 uma mentira completa, fabrica\u00e7\u00e3o, n\u00e3o tem nada de verdade, disse Douglas.<\/p>\n<p>A acusa\u00e7\u00e3o da mulher n\u00e3o identificada n\u00e3o foi publicada, mas Douglas disse ter sido informado por seus advogados em dezembro que o The Hollywood Reporter e outras publica\u00e7\u00f5es estavam investigando a acusa\u00e7\u00e3o.<\/p>\n<p>Eu senti a necessidade de me antecipar, disse Douglas, de 73 anos, ao Deadline.<\/p>\n<p>Eu tive a op\u00e7\u00e3o de esperar sair uma hist\u00f3ria, uma que claramente ser\u00e1 utilizada por outros jornais e revistas, e ent\u00e3o eu teria que me sentar e tentar me defender.<\/p>\n<p>Duas vezes vencedor do Oscar, Douglas \u00e9 a segunda celebridade a divulgar sua vers\u00e3o dos fatos antes de ser acusado publicamente de ass\u00e9dio sexual em um esc\u00e2ndalo que balan\u00e7ou Hollywood e levou muitos homens a serem demitidos ou cortados de projetos.<\/p>\n<p>O cineasta de document\u00e1rio Morgan Spurlock publicou uma mensagem em redes sociais no m\u00eas passado dizendo que ele era parte do problema, dizendo que, no passado, havia sido acusado de estupro e havia resolvido um processo de ass\u00e9dio sexual.<\/p>\n<p>(Por Jill Serjeant)<\/p>\n","protected":false},"excerpt":{"rendered":"<p>LOS ANGELES (Reuters) &#8211; O ator Michael Douglas, vencedor do Oscar, negou preventivamente uma acusa\u00e7\u00e3o de m\u00e1 conduta sexual, dizendo que queria se antecipar \u00e0s poss\u00edveis informa\u00e7\u00f5es investigada pelas publica\u00e7\u00f5es de Hollywood. Em uma longa entrevista com o site Deadline.com, publicada no final da ter\u00e7a-feira, Douglas negou que se masturbasse na frente de uma mulher &hellip;<\/p>\n","protected":false},"author":2,"featured_media":10258,"comment_status":"open","ping_status":"open","sticky":false,"template":"","format":"standard","meta":{"_exactmetrics_skip_tracking":false,"_exactmetrics_sitenote_active":false,"_exactmetrics_sitenote_note":"","_exactmetrics_sitenote_category":0,"footnotes":""},"categories":[4],"tags":[],"_links":{"self":[{"href":"https:\/\/goiasemtempo.com.br\/home\/wp-json\/wp\/v2\/posts\/10520"}],"collection":[{"href":"https:\/\/goiasemtempo.com.br\/home\/wp-json\/wp\/v2\/posts"}],"about":[{"href":"https:\/\/goiasemtempo.com.br\/home\/wp-json\/wp\/v2\/types\/post"}],"author":[{"embeddable":true,"href":"https:\/\/goiasemtempo.com.br\/home\/wp-json\/wp\/v2\/users\/2"}],"replies":[{"embeddable":true,"href":"https:\/\/goiasemtempo.com.br\/home\/wp-json\/wp\/v2\/comments?post=10520"}],"version-history":[{"count":1,"href":"https:\/\/goiasemtempo.com.br\/home\/wp-json\/wp\/v2\/posts\/10520\/revisions"}],"predecessor-version":[{"id":10521,"href":"https:\/\/goiasemtempo.com.br\/home\/wp-json\/wp\/v2\/posts\/10520\/revisions\/10521"}],"wp:featuredmedia":[{"embeddable":true,"href":"https:\/\/goiasemtempo.com.br\/home\/wp-json\/wp\/v2\/media\/10258"}],"wp:attachment":[{"href":"https:\/\/goiasemtempo.com.br\/home\/wp-json\/wp\/v2\/media?parent=10520"}],"wp:term":[{"taxonomy":"category","embeddable":true,"href":"https:\/\/goiasemtempo.com.br\/home\/wp-json\/wp\/v2\/categories?post=10520"},{"taxonomy":"post_tag","embeddable":true,"href":"https:\/\/goiasemtempo.com.br\/home\/wp-json\/wp\/v2\/tags?post=10520"}],"curies":[{"name":"wp","href":"https:\/\/api.w.org\/{rel}","templated":true}]}}