{"id":10403,"date":"2018-01-12T22:23:29","date_gmt":"2018-01-12T22:23:29","guid":{"rendered":"https:\/\/goiasemtempo.com.br\/home\/?p=10403"},"modified":"2018-01-12T22:23:29","modified_gmt":"2018-01-12T22:23:29","slug":"venezuela-acerta-com-o-brasil-divida-de-us-2625-milhoes-vencida-em-setembro","status":"publish","type":"post","link":"https:\/\/goiasemtempo.com.br\/home\/venezuela-acerta-com-o-brasil-divida-de-us-2625-milhoes-vencida-em-setembro\/","title":{"rendered":"Venezuela acerta com o Brasil d\u00edvida de US$ 262,5 milh\u00f5es vencida em setembro"},"content":{"rendered":"<p>O Minist\u00e9rio da Fazenda informou hoje (10) que o Banco Central da Venezuela (BCV) pagou ao Brasil, no dia 5 deste m\u00eas, o saldo devedor referente ao segundo quadrimestre de 2017, no \u00e2mbito do Conv\u00eanio de Pagamentos e Cr\u00e9ditos Rec\u00edprocos (CCR). A d\u00edvida, de US$ 262,5 milh\u00f5es, estava vencida desde setembro de 2017.<\/p>\n<p>O valor \u00e9 referente a d\u00e9bitos da Venezuela com empresas brasileiras, garantidos pelo Tesouro Nacional e j\u00e1 pagos \u00e0s empresas. Com o pagamento, a Venezuela evitou a formaliza\u00e7\u00e3o de um calote. \u201cO recebimento foi poss\u00edvel devido a uma iniciativa conjunta da Secretaria da Assuntos Internacionais, do Banco Central do Brasil e dos bancos financiadores\u201d, diz nota divulgada pelo Minist\u00e9rio da Fazenda.<\/p>\n<p>A transa\u00e7\u00e3o foi feita por meio do Fundo Monet\u00e1rio Internacional (FMI), pois a Venezuela alegou problemas operacionais para quitar a d\u00edvida em d\u00f3lares norte-americanos. O Minist\u00e9rio da Fazenda informou que, ap\u00f3s receber o montante, o Banco Central do Brasil transferiu os valores devidos para as institui\u00e7\u00f5es financeiras autorizadas com opera\u00e7\u00f5es de exporta\u00e7\u00f5es registradas no referente quadrimestre, encerrando as obriga\u00e7\u00f5es brasileiras no processo.<\/p>\n<p>A nota tamb\u00e9m informa que os compromissos da Venezuela com o Brasil junto ao CCR, previstos para este m\u00eas, no valor de US$ 274,6 milh\u00f5es, ainda n\u00e3o foram honrados. \u201cO governo brasileiro adotar\u00e1 as medidas para buscar regulariza\u00e7\u00e3o dos pagamentos\u201d, informa a nota.<\/p>\n<p>Edi\u00e7\u00e3o: N\u00e1dia Franco<\/p>\n","protected":false},"excerpt":{"rendered":"<p>O Minist\u00e9rio da Fazenda informou hoje (10) que o Banco Central da Venezuela (BCV) pagou ao Brasil, no dia 5 deste m\u00eas, o saldo devedor referente ao segundo quadrimestre de 2017, no \u00e2mbito do Conv\u00eanio de Pagamentos e Cr\u00e9ditos Rec\u00edprocos (CCR). A d\u00edvida, de US$ 262,5 milh\u00f5es, estava vencida desde setembro de 2017. O valor &hellip;<\/p>\n","protected":false},"author":2,"featured_media":10201,"comment_status":"open","ping_status":"open","sticky":false,"template":"","format":"standard","meta":{"_exactmetrics_skip_tracking":false,"_exactmetrics_sitenote_active":false,"_exactmetrics_sitenote_note":"","_exactmetrics_sitenote_category":0,"footnotes":""},"categories":[4],"tags":[],"_links":{"self":[{"href":"https:\/\/goiasemtempo.com.br\/home\/wp-json\/wp\/v2\/posts\/10403"}],"collection":[{"href":"https:\/\/goiasemtempo.com.br\/home\/wp-json\/wp\/v2\/posts"}],"about":[{"href":"https:\/\/goiasemtempo.com.br\/home\/wp-json\/wp\/v2\/types\/post"}],"author":[{"embeddable":true,"href":"https:\/\/goiasemtempo.com.br\/home\/wp-json\/wp\/v2\/users\/2"}],"replies":[{"embeddable":true,"href":"https:\/\/goiasemtempo.com.br\/home\/wp-json\/wp\/v2\/comments?post=10403"}],"version-history":[{"count":1,"href":"https:\/\/goiasemtempo.com.br\/home\/wp-json\/wp\/v2\/posts\/10403\/revisions"}],"predecessor-version":[{"id":10404,"href":"https:\/\/goiasemtempo.com.br\/home\/wp-json\/wp\/v2\/posts\/10403\/revisions\/10404"}],"wp:featuredmedia":[{"embeddable":true,"href":"https:\/\/goiasemtempo.com.br\/home\/wp-json\/wp\/v2\/media\/10201"}],"wp:attachment":[{"href":"https:\/\/goiasemtempo.com.br\/home\/wp-json\/wp\/v2\/media?parent=10403"}],"wp:term":[{"taxonomy":"category","embeddable":true,"href":"https:\/\/goiasemtempo.com.br\/home\/wp-json\/wp\/v2\/categories?post=10403"},{"taxonomy":"post_tag","embeddable":true,"href":"https:\/\/goiasemtempo.com.br\/home\/wp-json\/wp\/v2\/tags?post=10403"}],"curies":[{"name":"wp","href":"https:\/\/api.w.org\/{rel}","templated":true}]}}