{"id":10389,"date":"2018-01-12T22:10:55","date_gmt":"2018-01-12T22:10:55","guid":{"rendered":"https:\/\/goiasemtempo.com.br\/home\/?p=10389"},"modified":"2018-01-12T22:10:55","modified_gmt":"2018-01-12T22:10:55","slug":"inflacao-baixa-mostra-que-pais-pode-continuar-com-recuperacao-diz-planejamento","status":"publish","type":"post","link":"https:\/\/goiasemtempo.com.br\/home\/inflacao-baixa-mostra-que-pais-pode-continuar-com-recuperacao-diz-planejamento\/","title":{"rendered":"Infla\u00e7\u00e3o baixa mostra que pa\u00eds pode continuar com recupera\u00e7\u00e3o, diz Planejamento"},"content":{"rendered":"<p>O Minist\u00e9rio do Planejamento, Desenvolvimento e Gest\u00e3o disse hoje (10), em nota, que o resultado da infla\u00e7\u00e3o de 2017 mostra que o pa\u00eds pode dar continuidade ao processo de recupera\u00e7\u00e3o do crescimento econ\u00f4mico.  Segundo a pasta, 2017 terminou com resultados favor\u00e1veis no campo econ\u00f4mico. O \u00cdndice Nacional de Pre\u00e7os ao Consumidor Amplo (IPCA), divulgado nesta quarta-feira, ficou em 2,95% no ano passado \u2013 menor n\u00edvel desde 1998 (1,65%).<\/p>\n<p>Sa\u00edmos da maior recess\u00e3o da nossa hist\u00f3ria, com dois anos seguidos de queda no PIB [Produto Interno Bruto], voltamos a gerar empregos e a infla\u00e7\u00e3o, como divulgada hoje pelo IBGE [Instituto Brasileiro de Geografia e Estat\u00edstica], mostrou recuo de maneira significativa, diz o Planejamento. Com a infla\u00e7\u00e3o sob controle, o Pa\u00eds pode dar continuidade ao processo de recupera\u00e7\u00e3o do crescimento econ\u00f4mico em curso gerando empregos e aumentando a renda das fam\u00edlias, acrescenta o texto.<\/p>\n<p>De acordo com os dados divulgados pelo IBGE, o resultado positivo da infla\u00e7\u00e3o, segundo o Planejamento, se deve a diversos fatores, entre eles a desacelera\u00e7\u00e3o nos pre\u00e7os livres, que passaram de 6,54%, em 2016, para 1,35%, em 2017, com recuo na infla\u00e7\u00e3o de servi\u00e7os de 6,47%, em 2016, para 4,52%, em 2017. A varia\u00e7\u00e3o dos bens apresentou defla\u00e7\u00e3o, de 1,42%, ante alta de 6,63%, em 2016.<\/p>\n<p>O destaque foi ainda a defla\u00e7\u00e3o do grupo alimentos e bebidas, cuja varia\u00e7\u00e3o foi de -1,87%, em 2017. Em 2016, o mesmo grupo registrou alta de 8,61%. Desde 2010, a infla\u00e7\u00e3o dos alimentos e bebidas ficava, em m\u00e9dia, superior a 9%.<\/p>\n<p>Carta do Banco Central <\/p>\n<p>A taxa de infla\u00e7\u00e3o ficou abaixo do centro da meta, de 4,5%, o que n\u00e3o ocorria desde 2009, e, pela primeira vez, abaixo do limite inferior de toler\u00e2ncia, de 3%.<\/p>\n<p>Devido ao resultado, o Banco Central ter\u00e1 que justificar o descumprimento da meta de infla\u00e7\u00e3o, mesmo que esse descumprimento tenha sido para baixo. A carta aberta do Banco Central a ser enviada pelo presidente da institui\u00e7\u00e3o, Ilan Goldfajn, ao presidente do Conselho Monet\u00e1rio Nacional, ministro Henrique Meirelles, ser\u00e1 divulgada na tarde desta quarta-feira. Em seguida, o presidente falar\u00e1 com a imprensa.<\/p>\n<p>Parte do regime de metas para a infla\u00e7\u00e3o no Brasil, a carta aberta \u00e9 um instrumento pelo qual o Banco Central presta contas \u00e0 sociedade sobre o cumprimento das metas fixadas pelo CMN. Esta \u00e9 a primeira vez que a meta \u00e9 descumprida por ficar abaixo do piso. A meta ficou acima do teto quatro vezes: 2001, 2002, 2003 e 2015.<\/p>\n<p>Edi\u00e7\u00e3o: Talita Cavalcante<\/p>\n","protected":false},"excerpt":{"rendered":"<p>O Minist\u00e9rio do Planejamento, Desenvolvimento e Gest\u00e3o disse hoje (10), em nota, que o resultado da infla\u00e7\u00e3o de 2017 mostra que o pa\u00eds pode dar continuidade ao processo de recupera\u00e7\u00e3o do crescimento econ\u00f4mico. Segundo a pasta, 2017 terminou com resultados favor\u00e1veis no campo econ\u00f4mico. O \u00cdndice Nacional de Pre\u00e7os ao Consumidor Amplo (IPCA), divulgado nesta &hellip;<\/p>\n","protected":false},"author":2,"featured_media":10194,"comment_status":"open","ping_status":"open","sticky":false,"template":"","format":"standard","meta":{"_exactmetrics_skip_tracking":false,"_exactmetrics_sitenote_active":false,"_exactmetrics_sitenote_note":"","_exactmetrics_sitenote_category":0,"footnotes":""},"categories":[4],"tags":[],"_links":{"self":[{"href":"https:\/\/goiasemtempo.com.br\/home\/wp-json\/wp\/v2\/posts\/10389"}],"collection":[{"href":"https:\/\/goiasemtempo.com.br\/home\/wp-json\/wp\/v2\/posts"}],"about":[{"href":"https:\/\/goiasemtempo.com.br\/home\/wp-json\/wp\/v2\/types\/post"}],"author":[{"embeddable":true,"href":"https:\/\/goiasemtempo.com.br\/home\/wp-json\/wp\/v2\/users\/2"}],"replies":[{"embeddable":true,"href":"https:\/\/goiasemtempo.com.br\/home\/wp-json\/wp\/v2\/comments?post=10389"}],"version-history":[{"count":1,"href":"https:\/\/goiasemtempo.com.br\/home\/wp-json\/wp\/v2\/posts\/10389\/revisions"}],"predecessor-version":[{"id":10390,"href":"https:\/\/goiasemtempo.com.br\/home\/wp-json\/wp\/v2\/posts\/10389\/revisions\/10390"}],"wp:featuredmedia":[{"embeddable":true,"href":"https:\/\/goiasemtempo.com.br\/home\/wp-json\/wp\/v2\/media\/10194"}],"wp:attachment":[{"href":"https:\/\/goiasemtempo.com.br\/home\/wp-json\/wp\/v2\/media?parent=10389"}],"wp:term":[{"taxonomy":"category","embeddable":true,"href":"https:\/\/goiasemtempo.com.br\/home\/wp-json\/wp\/v2\/categories?post=10389"},{"taxonomy":"post_tag","embeddable":true,"href":"https:\/\/goiasemtempo.com.br\/home\/wp-json\/wp\/v2\/tags?post=10389"}],"curies":[{"name":"wp","href":"https:\/\/api.w.org\/{rel}","templated":true}]}}