{"id":10383,"date":"2018-01-12T22:05:30","date_gmt":"2018-01-12T22:05:30","guid":{"rendered":"https:\/\/goiasemtempo.com.br\/home\/?p=10383"},"modified":"2018-01-12T22:05:30","modified_gmt":"2018-01-12T22:05:30","slug":"em-video-divulgado-nas-redes-sociais-temer-comenta-baixa-da-inflacao","status":"publish","type":"post","link":"https:\/\/goiasemtempo.com.br\/home\/em-video-divulgado-nas-redes-sociais-temer-comenta-baixa-da-inflacao\/","title":{"rendered":"Em v\u00eddeo divulgado nas redes sociais, Temer comenta baixa da infla\u00e7\u00e3o"},"content":{"rendered":"<p>Em v\u00eddeo divulgado nas redes sociais, o presidente Michel Temer comemorou o fato da infla\u00e7\u00e3o ter fechado 2017 com alta acumulada de 2,95%, abaixo do piso estipulado pelo governo, que era 3%. O presidente se disse feliz em anunciar o fim da recess\u00e3o atravessada pelo pa\u00eds nos \u00faltimos anos.<\/p>\n<p>\u201c\u00c9 isso, meus amigos: estou feliz de poder anunciar que cumprimos em 2017 o compromisso de recuperar a nossa economia da recess\u00e3o mais profunda de sua hist\u00f3ria\u201d, disse. No v\u00eddeo, ele atribuiu a infla\u00e7\u00e3o do ano passado principalmente \u00e0 queda do pre\u00e7o dos alimentos.<\/p>\n<p>\u201cA infla\u00e7\u00e3o baixa \u00e9 resultado sobretudo da queda dos pre\u00e7os dos alimentos, gra\u00e7as \u00e0 nossa safra recorde de gr\u00e3os. Mas \u00e9 fruto tamb\u00e9m de nossa equipe de governo ter tomado decis\u00f5es econ\u00f4micas corretas e equilibradas. Com os pre\u00e7os mais baixos nos supermercados, os sal\u00e1rios t\u00eam melhor poder de compra e as fam\u00edlias podem consumir mais\u201d.<\/p>\n<p>Temer dedicou o dia de hoje para divulgar a not\u00edcia. Ele convocou reuni\u00e3o com ministros da equipe pol\u00edtica e econ\u00f4mica, no Pal\u00e1cio do Planalto, para celebrar os n\u00fameros.<\/p>\n<p>PEC do Teto de Gastos<\/p>\n<p>J\u00e1 em participa\u00e7\u00e3o no programa Voz do Brasil, no in\u00edcio da noite, Temer afirmou que a Emenda Constitucional que limita os gastos p\u00fablicos, aprovada no fim de 2016, foi o ponto de partida para queda da infla\u00e7\u00e3o. Ele afirmou que a medida adotada pelo governo em seus primeiros meses foi a forma de combater a \u201cgrave crise\u201d na qual o pa\u00eds se encontrava.<\/p>\n<p>\u201cQuando entramos no governo encontramos o pa\u00eds numa grave crise. Precis\u00e1vamos retomar a confian\u00e7a de todos para poder investir, gerar empregos. A crise tinha natureza fiscal. T\u00ednhamos que estabelecer um teto para os gastos p\u00fablicos\u201d, disse Temer. \u201cEnxugamos o or\u00e7amento, preservando investimentos em sa\u00fade e educa\u00e7\u00e3o. O Brasil saiu da pior recess\u00e3o da hist\u00f3ria e os n\u00fameros j\u00e1 comprovam isso\u201d, completou.<\/p>\n<p>Repetindo o que j\u00e1 havia dito mais cedo na reuni\u00e3o com ministros, Temer afirmou que a infla\u00e7\u00e3o baixa e juros menores valorizam o sal\u00e1rio do consumidor. \u201cO Brasil voltou e certamente teremos um 2018 ainda melhor\u201d, concluiu.<\/p>\n<p>Edi\u00e7\u00e3o: Amanda Cieglinski<\/p>\n","protected":false},"excerpt":{"rendered":"<p>Em v\u00eddeo divulgado nas redes sociais, o presidente Michel Temer comemorou o fato da infla\u00e7\u00e3o ter fechado 2017 com alta acumulada de 2,95%, abaixo do piso estipulado pelo governo, que era 3%. O presidente se disse feliz em anunciar o fim da recess\u00e3o atravessada pelo pa\u00eds nos \u00faltimos anos. \u201c\u00c9 isso, meus amigos: estou feliz &hellip;<\/p>\n","protected":false},"author":2,"featured_media":10191,"comment_status":"open","ping_status":"open","sticky":false,"template":"","format":"standard","meta":{"_exactmetrics_skip_tracking":false,"_exactmetrics_sitenote_active":false,"_exactmetrics_sitenote_note":"","_exactmetrics_sitenote_category":0,"footnotes":""},"categories":[4],"tags":[],"_links":{"self":[{"href":"https:\/\/goiasemtempo.com.br\/home\/wp-json\/wp\/v2\/posts\/10383"}],"collection":[{"href":"https:\/\/goiasemtempo.com.br\/home\/wp-json\/wp\/v2\/posts"}],"about":[{"href":"https:\/\/goiasemtempo.com.br\/home\/wp-json\/wp\/v2\/types\/post"}],"author":[{"embeddable":true,"href":"https:\/\/goiasemtempo.com.br\/home\/wp-json\/wp\/v2\/users\/2"}],"replies":[{"embeddable":true,"href":"https:\/\/goiasemtempo.com.br\/home\/wp-json\/wp\/v2\/comments?post=10383"}],"version-history":[{"count":1,"href":"https:\/\/goiasemtempo.com.br\/home\/wp-json\/wp\/v2\/posts\/10383\/revisions"}],"predecessor-version":[{"id":10384,"href":"https:\/\/goiasemtempo.com.br\/home\/wp-json\/wp\/v2\/posts\/10383\/revisions\/10384"}],"wp:featuredmedia":[{"embeddable":true,"href":"https:\/\/goiasemtempo.com.br\/home\/wp-json\/wp\/v2\/media\/10191"}],"wp:attachment":[{"href":"https:\/\/goiasemtempo.com.br\/home\/wp-json\/wp\/v2\/media?parent=10383"}],"wp:term":[{"taxonomy":"category","embeddable":true,"href":"https:\/\/goiasemtempo.com.br\/home\/wp-json\/wp\/v2\/categories?post=10383"},{"taxonomy":"post_tag","embeddable":true,"href":"https:\/\/goiasemtempo.com.br\/home\/wp-json\/wp\/v2\/tags?post=10383"}],"curies":[{"name":"wp","href":"https:\/\/api.w.org\/{rel}","templated":true}]}}